{"id":10026,"date":"2025-09-09T13:51:00","date_gmt":"2025-09-09T16:51:00","guid":{"rendered":"https:\/\/futurofunsejem.org.br\/online\/?p=10026"},"modified":"2025-09-09T13:52:21","modified_gmt":"2025-09-09T16:52:21","slug":"valeu-a-pena-muito-mais-que-isso-foi-primordial","status":"publish","type":"post","link":"https:\/\/futurofunsejem.org.br\/online\/valeu-a-pena-muito-mais-que-isso-foi-primordial\/","title":{"rendered":"Valeu a pena? Muito mais que isso, foi primordial"},"content":{"rendered":"<section class=\"wpb-content-wrapper\"><p>[vc_row][vc_column width=&#8221;1\/2&#8243;][vc_column_text]Em 36 anos de atua\u00e7\u00e3o entre a Companhia Brasileira de Alum\u00ednio (CBA), Usina de Itupararanga (SP) e a Votorantim Energia, o ent\u00e3o aposentado da Funsejem, Sergio Vieira, construiu uma carreira de crescimento e desafios.<\/p>\n<p>\u201cEm 1983, entrei na CBA como auxiliar de Almoxarifado, e fiquei nessa fun\u00e7\u00e3o por tr\u00eas anos, depois fui promovido \u00e0 encarregado Administrativo. Em 2010, por mudan\u00e7as administrativas, passei a trabalhar na Votorantim Energia, sem altera\u00e7\u00e3o de local e fun\u00e7\u00e3o. A minha atividade principal era acompanhar todas as rotinas administrativas, incluindo a parte de Pessoal, hoje DHO.&#8221;[\/vc_column_text][vc_empty_space height=&#8221;15px&#8221;][\/vc_column][vc_column width=&#8221;1\/2&#8243;][vc_single_image image=&#8221;10031&#8243; img_size=&#8221;full&#8221;][vc_empty_space][\/vc_column][\/vc_row][vc_row][vc_column][vc_column_text]Sergio conta que passou por alguns desafios em sua trajet\u00f3ria profissional, e destaca o seguinte. \u201cEm 2011, minha hist\u00f3ria na Votorantim come\u00e7ou a mudar quando recebi um desafio. Ap\u00f3s 28 anos de trabalho no mesmo local, surgiu a oportunidade de ser transferido para o Complexo Juqui\u00e1 (SP), para ser supervisor Administrativo de sete usinas que comp\u00f5em o Complexo.&#8221;[\/vc_column_text][vc_empty_space][\/vc_column][\/vc_row][vc_row][vc_column width=&#8221;1\/2&#8243;][vc_single_image image=&#8221;10032&#8243; img_size=&#8221;full&#8221;][vc_empty_space height=&#8221;15px&#8221;][\/vc_column][vc_column width=&#8221;1\/2&#8243;][vc_column_text]Desafio proposto e, claro, que ele aceitou. \u201cMe mudei de cidade, deixando casa, filhos e netos e segui com minha esposa Elaine para residir no meio da Reserva Florestal do Juqui\u00e1.\u00a0Foi desafiador, mas ao mesmo tempo muito prazeroso participar da mudan\u00e7a de chave de toda empresa, acompanhando e contribuindo para as evolu\u00e7\u00f5es dos processos.\u201d[\/vc_column_text][vc_empty_space height=&#8221;15px&#8221;][\/vc_column][\/vc_row][vc_row][vc_column][vc_column_text]Dessa \u00e9poca, ele guarda muito carinho. \u201cEssa \u00e9 a parte que mais sinto saudade, de me sentir \u00fatil no desenvolvimento de pessoas, que \u00e9 a principal ferramenta que a Votorantim tem de melhor\u201d, conta Sergio.<\/p>\n<p>Em dezembro de 2019, ele se desligou da empresa e, em fevereiro de 2020, se aposentou pela Funsejem. \u201cFoi, sem d\u00favida nenhuma, a melhor not\u00edcia ap\u00f3s me aposentar, pois com meu benef\u00edcio foi poss\u00edvel manter uma estabilidade e qualidade de vida bem interessante.\u201d<\/p>\n<p>Sergio conta como optou por receber seu benef\u00edcio na Funsejem.[\/vc_column_text][vc_empty_space height=&#8221;15px&#8221;][vc_custom_heading text=&#8221;\u201cEu mesmo decidi o valor a receber, e que devido ao tempo e a porcentagem de contribui\u00e7\u00e3o escolhida durante a minha caminhada profissional, estou recebendo esse mesmo valor at\u00e9 hoje e tenho a proje\u00e7\u00e3o de receber por mais dois anos ainda\u201d. E ele complementa: \u201cdizer se valeu a pena? Muito mais do que isso, foi primordial para ter uma vida relativamente tranquila.\u201d&#8221; font_container=&#8221;tag:p|font_size:18|text_align:left|color:%23e62160&#8243; google_fonts=&#8221;font_family:Open%20Sans%3A300%2C300italic%2Cregular%2Citalic%2C600%2C600italic%2C700%2C700italic%2C800%2C800italic|font_style:400%20italic%3A400%3Aitalic&#8221;][vc_empty_space height=&#8221;15px&#8221;][\/vc_column][\/vc_row][vc_row][vc_column width=&#8221;1\/2&#8243;][vc_single_image image=&#8221;10033&#8243; img_size=&#8221;full&#8221;][vc_empty_space height=&#8221;15px&#8221;][\/vc_column][vc_column width=&#8221;1\/2&#8243;][vc_column_text]Sergio \u00e9 casado com Elaine h\u00e1 quase 43 anos e tem dois filhos, Sergio, de 39 anos e Gustavo, de 35 anos. Al\u00e9m deles, ele tem 3 netos, Ana Julia, de 17 anos, Guilherme, de 14 anos e\u00a0Alice, de 7 anos.<\/p>\n<p>\u201cAtualmente, sou diretor financeiro de uma Associa\u00e7\u00e3o de aposentados e recebo uma ajuda de custo para trabalhar.\u201d Mas, como a vida n\u00e3o \u00e9 s\u00f3 trabalhar, como Sergio mesmo diz, ele tem um hobbie. \u201cAprendi a jogar v\u00f4lei adaptado para pessoas da melhor idade, e tenho inclusive participado de competi\u00e7\u00f5es destinadas a esse p\u00fablico, sendo acompanhado pela minha esposa que aprendeu a gostar do esporte tamb\u00e9m.\u201d Al\u00e9m disso, ele tamb\u00e9m dirige uma c\u00e9lula evangel\u00edstica na cidade de Sorocaba (SP), ligada a uma igreja Evang\u00e9lica.[\/vc_column_text][vc_empty_space][\/vc_column][\/vc_row][vc_row][vc_column][vc_single_image image=&#8221;10034&#8243; img_size=&#8221;full&#8221;][\/vc_column][\/vc_row]<\/p>\n<\/section>","protected":false},"excerpt":{"rendered":"<p>Sergio Vieira, aposentado da Funsejem, conta sobre a import\u00e2ncia de ter o benef\u00edcio da Funsejem.<\/p>\n","protected":false},"author":7,"featured_media":10030,"comment_status":"open","ping_status":"open","sticky":false,"template":"","format":"standard","meta":{"footnotes":""},"categories":[77,7,125,61,9],"tags":[37,56,30,14,55],"class_list":["post-10026","post","type-post","status-publish","format-standard","has-post-thumbnail","hentry","category-capa-home","category-depoimentos","category-edicao-144","category-post-grid","category-participantes","tag-aposentadoria","tag-aposentados","tag-contribuicao","tag-investimentos","tag-participantes"],"acf":[],"yoast_head":"<!-- This site is optimized with the Yoast SEO plugin v20.8 - https:\/\/yoast.com\/wordpress\/plugins\/seo\/ -->\n<title>Valeu a pena? Muito mais que isso, foi primordial | Futuro On-line<\/title>\n<meta name=\"description\" content=\"Sergio Vieira, aposentado da Funsejem, conta sobre o planejamento que realizou durante a caminhada profissional para ter uma vida tranquila.\" \/>\n<meta name=\"robots\" content=\"index, follow, max-snippet:-1, max-image-preview:large, max-video-preview:-1\" \/>\n<link rel=\"canonical\" href=\"https:\/\/futurofunsejem.org.br\/online\/valeu-a-pena-muito-mais-que-isso-foi-primordial\/\" \/>\n<meta property=\"og:locale\" content=\"pt_BR\" \/>\n<meta property=\"og:type\" content=\"article\" \/>\n<meta property=\"og:title\" content=\"Valeu a pena? Muito mais que isso, foi primordial | Futuro On-line\" \/>\n<meta property=\"og:description\" content=\"Sergio Vieira, aposentado da Funsejem, conta sobre o planejamento que realizou durante a caminhada profissional para ter uma vida tranquila.\" \/>\n<meta property=\"og:url\" content=\"https:\/\/futurofunsejem.org.br\/online\/valeu-a-pena-muito-mais-que-isso-foi-primordial\/\" \/>\n<meta property=\"og:site_name\" content=\"Futuro On-line\" \/>\n<meta property=\"article:published_time\" content=\"2025-09-09T16:51:00+00:00\" \/>\n<meta property=\"article:modified_time\" content=\"2025-09-09T16:52:21+00:00\" \/>\n<meta property=\"og:image\" content=\"https:\/\/futurofunsejem.org.br\/online\/wp-content\/uploads\/2025\/08\/144-aposentado-1920x1080px-copy.jpg\" \/>\n\t<meta property=\"og:image:width\" content=\"1920\" \/>\n\t<meta property=\"og:image:height\" content=\"1080\" \/>\n\t<meta property=\"og:image:type\" content=\"image\/jpeg\" \/>\n<meta name=\"author\" content=\"Futuro On-line\" \/>\n<meta name=\"twitter:card\" content=\"summary_large_image\" \/>\n<meta name=\"twitter:label1\" content=\"Escrito por\" \/>\n\t<meta name=\"twitter:data1\" content=\"Futuro On-line\" \/>\n\t<meta name=\"twitter:label2\" content=\"Est. tempo de leitura\" \/>\n\t<meta name=\"twitter:data2\" content=\"3 minutos\" \/>\n<script type=\"application\/ld+json\" class=\"yoast-schema-graph\">{\"@context\":\"https:\/\/schema.org\",\"@graph\":[{\"@type\":\"WebPage\",\"@id\":\"https:\/\/futurofunsejem.org.br\/online\/valeu-a-pena-muito-mais-que-isso-foi-primordial\/\",\"url\":\"https:\/\/futurofunsejem.org.br\/online\/valeu-a-pena-muito-mais-que-isso-foi-primordial\/\",\"name\":\"Valeu a pena? Muito mais que isso, foi primordial | Futuro On-line\",\"isPartOf\":{\"@id\":\"https:\/\/futurofunsejem.org.br\/online\/#website\"},\"datePublished\":\"2025-09-09T16:51:00+00:00\",\"dateModified\":\"2025-09-09T16:52:21+00:00\",\"author\":{\"@id\":\"https:\/\/futurofunsejem.org.br\/online\/#\/schema\/person\/e610ccd4d289071402e2ea074f8f3906\"},\"description\":\"Sergio Vieira, aposentado da Funsejem, conta sobre o planejamento que realizou durante a caminhada profissional para ter uma vida tranquila.\",\"breadcrumb\":{\"@id\":\"https:\/\/futurofunsejem.org.br\/online\/valeu-a-pena-muito-mais-que-isso-foi-primordial\/#breadcrumb\"},\"inLanguage\":\"pt-BR\",\"potentialAction\":[{\"@type\":\"ReadAction\",\"target\":[\"https:\/\/futurofunsejem.org.br\/online\/valeu-a-pena-muito-mais-que-isso-foi-primordial\/\"]}]},{\"@type\":\"BreadcrumbList\",\"@id\":\"https:\/\/futurofunsejem.org.br\/online\/valeu-a-pena-muito-mais-que-isso-foi-primordial\/#breadcrumb\",\"itemListElement\":[{\"@type\":\"ListItem\",\"position\":1,\"name\":\"In\u00edcio\",\"item\":\"https:\/\/futurofunsejem.org.br\/online\/\"},{\"@type\":\"ListItem\",\"position\":2,\"name\":\"Valeu a pena? Muito mais que isso, foi primordial\"}]},{\"@type\":\"WebSite\",\"@id\":\"https:\/\/futurofunsejem.org.br\/online\/#website\",\"url\":\"https:\/\/futurofunsejem.org.br\/online\/\",\"name\":\"Futuro On-line\",\"description\":\"O jornal Futuro, informativo da Funsejem, \u00e9 uma publica\u00e7\u00e3o bimestral divulgada nas empresas da Votorantim, patrocinadoras da Funda\u00e7\u00e3o, e aos participantes autopatrocinados, vinculados e aposentados pelo plano.\",\"potentialAction\":[{\"@type\":\"SearchAction\",\"target\":{\"@type\":\"EntryPoint\",\"urlTemplate\":\"https:\/\/futurofunsejem.org.br\/online\/?s={search_term_string}\"},\"query-input\":\"required name=search_term_string\"}],\"inLanguage\":\"pt-BR\"},{\"@type\":\"Person\",\"@id\":\"https:\/\/futurofunsejem.org.br\/online\/#\/schema\/person\/e610ccd4d289071402e2ea074f8f3906\",\"name\":\"Futuro On-line\",\"image\":{\"@type\":\"ImageObject\",\"inLanguage\":\"pt-BR\",\"@id\":\"https:\/\/futurofunsejem.org.br\/online\/#\/schema\/person\/image\/\",\"url\":\"https:\/\/secure.gravatar.com\/avatar\/bc77d2036e11927570b7c9cd87e39b76289d226ab85a86b2cd39e426b1bcceca?s=96&d=mm&r=g\",\"contentUrl\":\"https:\/\/secure.gravatar.com\/avatar\/bc77d2036e11927570b7c9cd87e39b76289d226ab85a86b2cd39e426b1bcceca?s=96&d=mm&r=g\",\"caption\":\"Futuro On-line\"},\"url\":\"https:\/\/futurofunsejem.org.br\/online\/author\/arvoreazul\/\"}]}<\/script>\n<!-- \/ Yoast SEO plugin. -->","yoast_head_json":{"title":"Valeu a pena? Muito mais que isso, foi primordial | Futuro On-line","description":"Sergio Vieira, aposentado da Funsejem, conta sobre o planejamento que realizou durante a caminhada profissional para ter uma vida tranquila.","robots":{"index":"index","follow":"follow","max-snippet":"max-snippet:-1","max-image-preview":"max-image-preview:large","max-video-preview":"max-video-preview:-1"},"canonical":"https:\/\/futurofunsejem.org.br\/online\/valeu-a-pena-muito-mais-que-isso-foi-primordial\/","og_locale":"pt_BR","og_type":"article","og_title":"Valeu a pena? Muito mais que isso, foi primordial | Futuro On-line","og_description":"Sergio Vieira, aposentado da Funsejem, conta sobre o planejamento que realizou durante a caminhada profissional para ter uma vida tranquila.","og_url":"https:\/\/futurofunsejem.org.br\/online\/valeu-a-pena-muito-mais-que-isso-foi-primordial\/","og_site_name":"Futuro On-line","article_published_time":"2025-09-09T16:51:00+00:00","article_modified_time":"2025-09-09T16:52:21+00:00","og_image":[{"width":1920,"height":1080,"url":"https:\/\/futurofunsejem.org.br\/online\/wp-content\/uploads\/2025\/08\/144-aposentado-1920x1080px-copy.jpg","type":"image\/jpeg"}],"author":"Futuro On-line","twitter_card":"summary_large_image","twitter_misc":{"Escrito por":"Futuro On-line","Est. tempo de leitura":"3 minutos"},"schema":{"@context":"https:\/\/schema.org","@graph":[{"@type":"WebPage","@id":"https:\/\/futurofunsejem.org.br\/online\/valeu-a-pena-muito-mais-que-isso-foi-primordial\/","url":"https:\/\/futurofunsejem.org.br\/online\/valeu-a-pena-muito-mais-que-isso-foi-primordial\/","name":"Valeu a pena? Muito mais que isso, foi primordial | Futuro On-line","isPartOf":{"@id":"https:\/\/futurofunsejem.org.br\/online\/#website"},"datePublished":"2025-09-09T16:51:00+00:00","dateModified":"2025-09-09T16:52:21+00:00","author":{"@id":"https:\/\/futurofunsejem.org.br\/online\/#\/schema\/person\/e610ccd4d289071402e2ea074f8f3906"},"description":"Sergio Vieira, aposentado da Funsejem, conta sobre o planejamento que realizou durante a caminhada profissional para ter uma vida tranquila.","breadcrumb":{"@id":"https:\/\/futurofunsejem.org.br\/online\/valeu-a-pena-muito-mais-que-isso-foi-primordial\/#breadcrumb"},"inLanguage":"pt-BR","potentialAction":[{"@type":"ReadAction","target":["https:\/\/futurofunsejem.org.br\/online\/valeu-a-pena-muito-mais-que-isso-foi-primordial\/"]}]},{"@type":"BreadcrumbList","@id":"https:\/\/futurofunsejem.org.br\/online\/valeu-a-pena-muito-mais-que-isso-foi-primordial\/#breadcrumb","itemListElement":[{"@type":"ListItem","position":1,"name":"In\u00edcio","item":"https:\/\/futurofunsejem.org.br\/online\/"},{"@type":"ListItem","position":2,"name":"Valeu a pena? Muito mais que isso, foi primordial"}]},{"@type":"WebSite","@id":"https:\/\/futurofunsejem.org.br\/online\/#website","url":"https:\/\/futurofunsejem.org.br\/online\/","name":"Futuro On-line","description":"O jornal Futuro, informativo da Funsejem, \u00e9 uma publica\u00e7\u00e3o bimestral divulgada nas empresas da Votorantim, patrocinadoras da Funda\u00e7\u00e3o, e aos participantes autopatrocinados, vinculados e aposentados pelo plano.","potentialAction":[{"@type":"SearchAction","target":{"@type":"EntryPoint","urlTemplate":"https:\/\/futurofunsejem.org.br\/online\/?s={search_term_string}"},"query-input":"required name=search_term_string"}],"inLanguage":"pt-BR"},{"@type":"Person","@id":"https:\/\/futurofunsejem.org.br\/online\/#\/schema\/person\/e610ccd4d289071402e2ea074f8f3906","name":"Futuro On-line","image":{"@type":"ImageObject","inLanguage":"pt-BR","@id":"https:\/\/futurofunsejem.org.br\/online\/#\/schema\/person\/image\/","url":"https:\/\/secure.gravatar.com\/avatar\/bc77d2036e11927570b7c9cd87e39b76289d226ab85a86b2cd39e426b1bcceca?s=96&d=mm&r=g","contentUrl":"https:\/\/secure.gravatar.com\/avatar\/bc77d2036e11927570b7c9cd87e39b76289d226ab85a86b2cd39e426b1bcceca?s=96&d=mm&r=g","caption":"Futuro On-line"},"url":"https:\/\/futurofunsejem.org.br\/online\/author\/arvoreazul\/"}]}},"_links":{"self":[{"href":"https:\/\/futurofunsejem.org.br\/online\/wp-json\/wp\/v2\/posts\/10026","targetHints":{"allow":["GET"]}}],"collection":[{"href":"https:\/\/futurofunsejem.org.br\/online\/wp-json\/wp\/v2\/posts"}],"about":[{"href":"https:\/\/futurofunsejem.org.br\/online\/wp-json\/wp\/v2\/types\/post"}],"author":[{"embeddable":true,"href":"https:\/\/futurofunsejem.org.br\/online\/wp-json\/wp\/v2\/users\/7"}],"replies":[{"embeddable":true,"href":"https:\/\/futurofunsejem.org.br\/online\/wp-json\/wp\/v2\/comments?post=10026"}],"version-history":[{"count":10,"href":"https:\/\/futurofunsejem.org.br\/online\/wp-json\/wp\/v2\/posts\/10026\/revisions"}],"predecessor-version":[{"id":10090,"href":"https:\/\/futurofunsejem.org.br\/online\/wp-json\/wp\/v2\/posts\/10026\/revisions\/10090"}],"wp:featuredmedia":[{"embeddable":true,"href":"https:\/\/futurofunsejem.org.br\/online\/wp-json\/wp\/v2\/media\/10030"}],"wp:attachment":[{"href":"https:\/\/futurofunsejem.org.br\/online\/wp-json\/wp\/v2\/media?parent=10026"}],"wp:term":[{"taxonomy":"category","embeddable":true,"href":"https:\/\/futurofunsejem.org.br\/online\/wp-json\/wp\/v2\/categories?post=10026"},{"taxonomy":"post_tag","embeddable":true,"href":"https:\/\/futurofunsejem.org.br\/online\/wp-json\/wp\/v2\/tags?post=10026"}],"curies":[{"name":"wp","href":"https:\/\/api.w.org\/{rel}","templated":true}]}}