{"id":10701,"date":"2026-03-16T15:55:51","date_gmt":"2026-03-16T18:55:51","guid":{"rendered":"https:\/\/futurofunsejem.org.br\/online\/?p=10701"},"modified":"2026-03-16T15:55:51","modified_gmt":"2026-03-16T18:55:51","slug":"pesquisa-de-satisfacao-funsejem","status":"publish","type":"post","link":"https:\/\/futurofunsejem.org.br\/online\/pesquisa-de-satisfacao-funsejem\/","title":{"rendered":"Pesquisa de Satisfa\u00e7\u00e3o Funsejem"},"content":{"rendered":"<section class=\"wpb-content-wrapper\"><p>[vc_row][vc_column][vc_column_text]Est\u00e1 chegando a pesquisa de satisfa\u00e7\u00e3o da Funsejem para participantes dos planos de benef\u00edcios Votorantim Prev e VCNE. A pesquisa acontecer\u00e1 no segundo trimestre deste ano, na \u00e1rea restrita do site da Funsejem, acessada com login e senha. Para responder \u00e9 muito simples, assim que ela estiver dispon\u00edvel, acesse o site (<a href=\"https:\/\/previdencia.votorantim.com.br\/\" target=\"_blank\" rel=\"noopener\">aqui<\/a>), clique em Cadastre-se, caso ainda n\u00e3o tenha acesso, ou em Recuperar senha, se a tiver esquecido, e depois siga as orienta\u00e7\u00f5es.[\/vc_column_text][vc_empty_space][\/vc_column][\/vc_row][vc_row][vc_column width=&#8221;1\/2&#8243;][vc_column_text]O objetivo da pesquisa \u00e9 avaliar o grau de satisfa\u00e7\u00e3o em rela\u00e7\u00e3o aos planos de benef\u00edcios, canais de comunica\u00e7\u00e3o, atendimento, regulamento, etc. Sua opini\u00e3o \u00e9 muito importante, pois \u00e9 atrav\u00e9s de estudo como esse que teremos acesso aos pontos que merecem melhorias e aperfei\u00e7oamento de seu plano de previd\u00eancia complementar. Contamos com sua opini\u00e3o![\/vc_column_text][vc_empty_space height=&#8221;15px&#8221;][\/vc_column][vc_column width=&#8221;1\/2&#8243;][vc_single_image image=&#8221;10706&#8243; img_size=&#8221;full&#8221;][\/vc_column][\/vc_row]<\/p>\n<\/section>","protected":false},"excerpt":{"rendered":"<p>Dispon\u00edvel na \u00e1rea restrita do site, no segundo trimestre deste ano.<\/p>\n","protected":false},"author":7,"featured_media":10832,"comment_status":"open","ping_status":"open","sticky":false,"template":"","format":"standard","meta":{"footnotes":""},"categories":[77,18,128,61,17],"tags":[67,55,54],"class_list":["post-10701","post","type-post","status-publish","format-standard","has-post-thumbnail","hentry","category-capa-home","category-dia-a-dia-da-fundacao","category-edicao-147","category-post-grid","category-voce-funsejem","tag-em-casa","tag-participantes","tag-previdencia"],"acf":[],"yoast_head":"<!-- This site is optimized with the Yoast SEO plugin v20.8 - https:\/\/yoast.com\/wordpress\/plugins\/seo\/ -->\n<title>Pesquisa de Satisfa\u00e7\u00e3o Funsejem | Futuro On-line<\/title>\n<meta name=\"description\" content=\"A pesquisa de satisfa\u00e7\u00e3o da Funsejem ser\u00e1 realizada no segundo trimestre deste 2026. Sua opini\u00e3o \u00e9 muito importante!\" \/>\n<meta name=\"robots\" content=\"index, follow, max-snippet:-1, max-image-preview:large, max-video-preview:-1\" \/>\n<link rel=\"canonical\" href=\"https:\/\/futurofunsejem.org.br\/online\/pesquisa-de-satisfacao-funsejem\/\" \/>\n<meta property=\"og:locale\" content=\"pt_BR\" \/>\n<meta property=\"og:type\" content=\"article\" \/>\n<meta property=\"og:title\" content=\"Pesquisa de Satisfa\u00e7\u00e3o Funsejem | Futuro On-line\" \/>\n<meta property=\"og:description\" content=\"A pesquisa de satisfa\u00e7\u00e3o da Funsejem ser\u00e1 realizada no segundo trimestre deste 2026. Sua opini\u00e3o \u00e9 muito importante!\" \/>\n<meta property=\"og:url\" content=\"https:\/\/futurofunsejem.org.br\/online\/pesquisa-de-satisfacao-funsejem\/\" \/>\n<meta property=\"og:site_name\" content=\"Futuro On-line\" \/>\n<meta property=\"article:published_time\" content=\"2026-03-16T18:55:51+00:00\" \/>\n<meta property=\"og:image\" content=\"https:\/\/futurofunsejem.org.br\/online\/wp-content\/uploads\/2026\/03\/147-pesquisa-1920x1080px-copy.jpg\" \/>\n\t<meta property=\"og:image:width\" content=\"1920\" \/>\n\t<meta property=\"og:image:height\" content=\"1080\" \/>\n\t<meta property=\"og:image:type\" content=\"image\/jpeg\" \/>\n<meta name=\"author\" content=\"Futuro On-line\" \/>\n<meta name=\"twitter:card\" content=\"summary_large_image\" \/>\n<meta name=\"twitter:label1\" content=\"Escrito por\" \/>\n\t<meta name=\"twitter:data1\" content=\"Futuro On-line\" \/>\n\t<meta name=\"twitter:label2\" content=\"Est. tempo de leitura\" \/>\n\t<meta name=\"twitter:data2\" content=\"1 minuto\" \/>\n<script type=\"application\/ld+json\" class=\"yoast-schema-graph\">{\"@context\":\"https:\/\/schema.org\",\"@graph\":[{\"@type\":\"WebPage\",\"@id\":\"https:\/\/futurofunsejem.org.br\/online\/pesquisa-de-satisfacao-funsejem\/\",\"url\":\"https:\/\/futurofunsejem.org.br\/online\/pesquisa-de-satisfacao-funsejem\/\",\"name\":\"Pesquisa de Satisfa\u00e7\u00e3o Funsejem | Futuro On-line\",\"isPartOf\":{\"@id\":\"https:\/\/futurofunsejem.org.br\/online\/#website\"},\"datePublished\":\"2026-03-16T18:55:51+00:00\",\"dateModified\":\"2026-03-16T18:55:51+00:00\",\"author\":{\"@id\":\"https:\/\/futurofunsejem.org.br\/online\/#\/schema\/person\/e610ccd4d289071402e2ea074f8f3906\"},\"description\":\"A pesquisa de satisfa\u00e7\u00e3o da Funsejem ser\u00e1 realizada no segundo trimestre deste 2026. Sua opini\u00e3o \u00e9 muito importante!\",\"breadcrumb\":{\"@id\":\"https:\/\/futurofunsejem.org.br\/online\/pesquisa-de-satisfacao-funsejem\/#breadcrumb\"},\"inLanguage\":\"pt-BR\",\"potentialAction\":[{\"@type\":\"ReadAction\",\"target\":[\"https:\/\/futurofunsejem.org.br\/online\/pesquisa-de-satisfacao-funsejem\/\"]}]},{\"@type\":\"BreadcrumbList\",\"@id\":\"https:\/\/futurofunsejem.org.br\/online\/pesquisa-de-satisfacao-funsejem\/#breadcrumb\",\"itemListElement\":[{\"@type\":\"ListItem\",\"position\":1,\"name\":\"In\u00edcio\",\"item\":\"https:\/\/futurofunsejem.org.br\/online\/\"},{\"@type\":\"ListItem\",\"position\":2,\"name\":\"Pesquisa de Satisfa\u00e7\u00e3o Funsejem\"}]},{\"@type\":\"WebSite\",\"@id\":\"https:\/\/futurofunsejem.org.br\/online\/#website\",\"url\":\"https:\/\/futurofunsejem.org.br\/online\/\",\"name\":\"Futuro On-line\",\"description\":\"O jornal Futuro, informativo da Funsejem, \u00e9 uma publica\u00e7\u00e3o bimestral divulgada nas empresas da Votorantim, patrocinadoras da Funda\u00e7\u00e3o, e aos participantes autopatrocinados, vinculados e aposentados pelo plano.\",\"potentialAction\":[{\"@type\":\"SearchAction\",\"target\":{\"@type\":\"EntryPoint\",\"urlTemplate\":\"https:\/\/futurofunsejem.org.br\/online\/?s={search_term_string}\"},\"query-input\":\"required name=search_term_string\"}],\"inLanguage\":\"pt-BR\"},{\"@type\":\"Person\",\"@id\":\"https:\/\/futurofunsejem.org.br\/online\/#\/schema\/person\/e610ccd4d289071402e2ea074f8f3906\",\"name\":\"Futuro On-line\",\"image\":{\"@type\":\"ImageObject\",\"inLanguage\":\"pt-BR\",\"@id\":\"https:\/\/futurofunsejem.org.br\/online\/#\/schema\/person\/image\/\",\"url\":\"https:\/\/secure.gravatar.com\/avatar\/bc77d2036e11927570b7c9cd87e39b76289d226ab85a86b2cd39e426b1bcceca?s=96&d=mm&r=g\",\"contentUrl\":\"https:\/\/secure.gravatar.com\/avatar\/bc77d2036e11927570b7c9cd87e39b76289d226ab85a86b2cd39e426b1bcceca?s=96&d=mm&r=g\",\"caption\":\"Futuro On-line\"},\"url\":\"https:\/\/futurofunsejem.org.br\/online\/author\/arvoreazul\/\"}]}<\/script>\n<!-- \/ Yoast SEO plugin. -->","yoast_head_json":{"title":"Pesquisa de Satisfa\u00e7\u00e3o Funsejem | Futuro On-line","description":"A pesquisa de satisfa\u00e7\u00e3o da Funsejem ser\u00e1 realizada no segundo trimestre deste 2026. Sua opini\u00e3o \u00e9 muito importante!","robots":{"index":"index","follow":"follow","max-snippet":"max-snippet:-1","max-image-preview":"max-image-preview:large","max-video-preview":"max-video-preview:-1"},"canonical":"https:\/\/futurofunsejem.org.br\/online\/pesquisa-de-satisfacao-funsejem\/","og_locale":"pt_BR","og_type":"article","og_title":"Pesquisa de Satisfa\u00e7\u00e3o Funsejem | Futuro On-line","og_description":"A pesquisa de satisfa\u00e7\u00e3o da Funsejem ser\u00e1 realizada no segundo trimestre deste 2026. Sua opini\u00e3o \u00e9 muito importante!","og_url":"https:\/\/futurofunsejem.org.br\/online\/pesquisa-de-satisfacao-funsejem\/","og_site_name":"Futuro On-line","article_published_time":"2026-03-16T18:55:51+00:00","og_image":[{"width":1920,"height":1080,"url":"https:\/\/futurofunsejem.org.br\/online\/wp-content\/uploads\/2026\/03\/147-pesquisa-1920x1080px-copy.jpg","type":"image\/jpeg"}],"author":"Futuro On-line","twitter_card":"summary_large_image","twitter_misc":{"Escrito por":"Futuro On-line","Est. tempo de leitura":"1 minuto"},"schema":{"@context":"https:\/\/schema.org","@graph":[{"@type":"WebPage","@id":"https:\/\/futurofunsejem.org.br\/online\/pesquisa-de-satisfacao-funsejem\/","url":"https:\/\/futurofunsejem.org.br\/online\/pesquisa-de-satisfacao-funsejem\/","name":"Pesquisa de Satisfa\u00e7\u00e3o Funsejem | Futuro On-line","isPartOf":{"@id":"https:\/\/futurofunsejem.org.br\/online\/#website"},"datePublished":"2026-03-16T18:55:51+00:00","dateModified":"2026-03-16T18:55:51+00:00","author":{"@id":"https:\/\/futurofunsejem.org.br\/online\/#\/schema\/person\/e610ccd4d289071402e2ea074f8f3906"},"description":"A pesquisa de satisfa\u00e7\u00e3o da Funsejem ser\u00e1 realizada no segundo trimestre deste 2026. Sua opini\u00e3o \u00e9 muito importante!","breadcrumb":{"@id":"https:\/\/futurofunsejem.org.br\/online\/pesquisa-de-satisfacao-funsejem\/#breadcrumb"},"inLanguage":"pt-BR","potentialAction":[{"@type":"ReadAction","target":["https:\/\/futurofunsejem.org.br\/online\/pesquisa-de-satisfacao-funsejem\/"]}]},{"@type":"BreadcrumbList","@id":"https:\/\/futurofunsejem.org.br\/online\/pesquisa-de-satisfacao-funsejem\/#breadcrumb","itemListElement":[{"@type":"ListItem","position":1,"name":"In\u00edcio","item":"https:\/\/futurofunsejem.org.br\/online\/"},{"@type":"ListItem","position":2,"name":"Pesquisa de Satisfa\u00e7\u00e3o Funsejem"}]},{"@type":"WebSite","@id":"https:\/\/futurofunsejem.org.br\/online\/#website","url":"https:\/\/futurofunsejem.org.br\/online\/","name":"Futuro On-line","description":"O jornal Futuro, informativo da Funsejem, \u00e9 uma publica\u00e7\u00e3o bimestral divulgada nas empresas da Votorantim, patrocinadoras da Funda\u00e7\u00e3o, e aos participantes autopatrocinados, vinculados e aposentados pelo plano.","potentialAction":[{"@type":"SearchAction","target":{"@type":"EntryPoint","urlTemplate":"https:\/\/futurofunsejem.org.br\/online\/?s={search_term_string}"},"query-input":"required name=search_term_string"}],"inLanguage":"pt-BR"},{"@type":"Person","@id":"https:\/\/futurofunsejem.org.br\/online\/#\/schema\/person\/e610ccd4d289071402e2ea074f8f3906","name":"Futuro On-line","image":{"@type":"ImageObject","inLanguage":"pt-BR","@id":"https:\/\/futurofunsejem.org.br\/online\/#\/schema\/person\/image\/","url":"https:\/\/secure.gravatar.com\/avatar\/bc77d2036e11927570b7c9cd87e39b76289d226ab85a86b2cd39e426b1bcceca?s=96&d=mm&r=g","contentUrl":"https:\/\/secure.gravatar.com\/avatar\/bc77d2036e11927570b7c9cd87e39b76289d226ab85a86b2cd39e426b1bcceca?s=96&d=mm&r=g","caption":"Futuro On-line"},"url":"https:\/\/futurofunsejem.org.br\/online\/author\/arvoreazul\/"}]}},"_links":{"self":[{"href":"https:\/\/futurofunsejem.org.br\/online\/wp-json\/wp\/v2\/posts\/10701","targetHints":{"allow":["GET"]}}],"collection":[{"href":"https:\/\/futurofunsejem.org.br\/online\/wp-json\/wp\/v2\/posts"}],"about":[{"href":"https:\/\/futurofunsejem.org.br\/online\/wp-json\/wp\/v2\/types\/post"}],"author":[{"embeddable":true,"href":"https:\/\/futurofunsejem.org.br\/online\/wp-json\/wp\/v2\/users\/7"}],"replies":[{"embeddable":true,"href":"https:\/\/futurofunsejem.org.br\/online\/wp-json\/wp\/v2\/comments?post=10701"}],"version-history":[{"count":6,"href":"https:\/\/futurofunsejem.org.br\/online\/wp-json\/wp\/v2\/posts\/10701\/revisions"}],"predecessor-version":[{"id":10890,"href":"https:\/\/futurofunsejem.org.br\/online\/wp-json\/wp\/v2\/posts\/10701\/revisions\/10890"}],"wp:featuredmedia":[{"embeddable":true,"href":"https:\/\/futurofunsejem.org.br\/online\/wp-json\/wp\/v2\/media\/10832"}],"wp:attachment":[{"href":"https:\/\/futurofunsejem.org.br\/online\/wp-json\/wp\/v2\/media?parent=10701"}],"wp:term":[{"taxonomy":"category","embeddable":true,"href":"https:\/\/futurofunsejem.org.br\/online\/wp-json\/wp\/v2\/categories?post=10701"},{"taxonomy":"post_tag","embeddable":true,"href":"https:\/\/futurofunsejem.org.br\/online\/wp-json\/wp\/v2\/tags?post=10701"}],"curies":[{"name":"wp","href":"https:\/\/api.w.org\/{rel}","templated":true}]}}