{"id":10708,"date":"2026-03-16T15:54:58","date_gmt":"2026-03-16T18:54:58","guid":{"rendered":"https:\/\/futurofunsejem.org.br\/online\/?p=10708"},"modified":"2026-03-17T10:04:12","modified_gmt":"2026-03-17T13:04:12","slug":"declaracao-de-ir-2026","status":"publish","type":"post","link":"https:\/\/futurofunsejem.org.br\/online\/declaracao-de-ir-2026\/","title":{"rendered":"Declara\u00e7\u00e3o de IR 2026"},"content":{"rendered":"<section class=\"wpb-content-wrapper\"><p>[vc_row][vc_column][vc_column_text]Est\u00e1 chegando. A declara\u00e7\u00e3o do Imposto de Renda Pessoa F\u00edsica 2026 vai de 23\/03 a 29\/05. O participante da Funsejem que se enquadra no modelo completo de declara\u00e7\u00e3o deve informar as contribui\u00e7\u00f5es que fez ao plano de previd\u00eancia em 2025. No caso do modelo simples de declara\u00e7\u00e3o, n\u00e3o \u00e9 preciso informar, pois as dedu\u00e7\u00f5es relativas \u00e0 previd\u00eancia privada fazem parte do desconto-padr\u00e3o de 20%.<\/p>\n<p>Abaixo est\u00e3o as orienta\u00e7\u00f5es sobre as contribui\u00e7\u00f5es a inserir, bem como os pagamentos recebidos, caso dos aposentados, pensionistas e os desligados que solicitaram resgate ou benef\u00edcio.[\/vc_column_text][vc_empty_space height=&#8221;35px&#8221;][vc_column_text]<\/p>\n<h4><strong>Contribui\u00e7\u00f5es \u00e0 Funsejem<\/strong><\/h4>\n<p>[\/vc_column_text][vc_column_text]Voc\u00ea deve declarar apenas as contribui\u00e7\u00f5es que fez. N\u00e3o inclua as contribui\u00e7\u00f5es realizadas pela empresa patrocinadora em seu nome.<\/p>\n<h6><strong>Onde encontrar as informa\u00e7\u00f5es<\/strong><\/h6>\n<ul>\n<li><strong>Participantes ativos<\/strong>: para obter o total de contribui\u00e7\u00f5es descontadas do sal\u00e1rio, consulte o informe de rendimentos entregue pela sua empresa. No caso das contribui\u00e7\u00f5es realizadas fora da folha, utilize o valor indicado na sua p\u00e1gina individual do site (<a href=\"https:\/\/previdencia.votorantim.com.br\/\" target=\"_blank\" rel=\"noopener\">aqui<\/a>), no menu\u00a0Contribui\u00e7\u00f5es para fins de IR.<\/li>\n<li><strong>Autopatrocinados e vinculados (BPDs)<\/strong>: o total de contribui\u00e7\u00f5es est\u00e1 em sua p\u00e1gina individual do site (<a href=\"https:\/\/previdencia.votorantim.com.br\/\" target=\"_blank\" rel=\"noopener\">aqui<\/a>), no menu\u00a0Contribui\u00e7\u00f5es para fins de IR.<\/li>\n<\/ul>\n<p>[\/vc_column_text][vc_empty_space height=&#8221;35px&#8221;][vc_column_text]<\/p>\n<h4><strong>Pagamentos recebidos da Funsejem<\/strong><\/h4>\n<p>[\/vc_column_text][vc_column_text]Se voc\u00ea \u00e9 um aposentado, pensionista ou um participante desligado que recebeu em 2025 benef\u00edcio ou resgate de contribui\u00e7\u00f5es do seu plano de previd\u00eancia com a Funda\u00e7\u00e3o, deve informar o valor total da renda que lhe foi paga, al\u00e9m do imposto retido.<\/p>\n<h6><strong>Onde encontrar as informa\u00e7\u00f5es<\/strong><\/h6>\n<ul>\n<li><strong>P\u00e1gina individual no site: <\/strong>a Funsejem disponibilizou o informe de rendimentos em sua p\u00e1gina individual no site\u00a0(<a href=\"https:\/\/previdencia.votorantim.com.br\/\" target=\"_blank\" rel=\"noopener\">aqui<\/a>).<\/li>\n<\/ul>\n<ul>\n<li><strong>Email:<\/strong> al\u00e9m de publicar no site, a Funsejem encaminhou uma via do informe de rendimentos para o seu email de cadastro.<\/li>\n<\/ul>\n<p>[\/vc_column_text][vc_empty_space][\/vc_column][\/vc_row][vc_row css=&#8221;.vc_custom_1772722777115{margin-top: 0px !important;margin-right: 10px !important;margin-bottom: 0px !important;margin-left: 10px !important;border-bottom-width: 0px !important;padding-top: 20px !important;padding-right: 20px !important;padding-bottom: 20px !important;padding-left: 20px !important;background-color: #ff7f00 !important;}&#8221;][vc_column][vc_column_text]<\/p>\n<h4><span style=\"color: #ffffff;\"><strong>Saiba mais sobre a declara\u00e7\u00e3o<\/strong><\/span><\/h4>\n<p><span style=\"color: #ffffff;\">Tem outras d\u00favidas sobre sua declara\u00e7\u00e3o? Veja as informa\u00e7\u00f5es a seguir.<\/span><\/p>\n<p style=\"padding-left: 40px;\"><span style=\"color: #ffffff;\"><strong>Dados da Funsejem: <\/strong>na declara\u00e7\u00e3o de IR, os dados cadastrais da Funda\u00e7\u00e3o a inserir s\u00e3o a raz\u00e3o social, Funda\u00e7\u00e3o Sen. Jos\u00e9 Erm\u00edrio de Moraes, e o CNPJ: 74.060.534\/0001-40.<\/span><\/p>\n<p style=\"padding-left: 40px;\"><span style=\"color: #ffffff;\"><strong>Portabilidade: <\/strong>se voc\u00ea portou para o plano da Funsejem recursos de outro plano, em algum m\u00eas de 2025, desconsidere o montante trazido do total de contribui\u00e7\u00f5es a declarar, pois ele n\u00e3o \u00e9 um aporte novo, apenas uma transfer\u00eancia de contribui\u00e7\u00f5es j\u00e1 realizadas e declaradas por voc\u00ea em anos anteriores.<\/span><\/p>\n<p style=\"padding-left: 40px;\"><span style=\"color: #ffffff;\"><strong>Regime tribut\u00e1rio: <\/strong>lembre-se de que na tributa\u00e7\u00e3o progressiva, os valores de quem recebeu benef\u00edcio ou resgate da Funda\u00e7\u00e3o, e o respectivo imposto, entram no c\u00e1lculo de ajuste que determina restitui\u00e7\u00e3o e\/ou IR a pagar. Na tributa\u00e7\u00e3o regressiva, o imposto pago n\u00e3o entra neste c\u00e1lculo, tendo car\u00e1ter meramente informativo.<\/span><\/p>\n<p style=\"padding-left: 40px;\"><span style=\"color: #ffffff;\"><strong>13\u00ba sal\u00e1rio<\/strong>: as contribui\u00e7\u00f5es efetuadas na folha do 13\u00ba sal\u00e1rio abatem somente o imposto de renda cobrado sobre esta renda, visto que ela tem tributa\u00e7\u00e3o exclusiva.<\/span><\/p>\n<p>[\/vc_column_text][\/vc_column][\/vc_row][vc_row][vc_column][vc_empty_space height=&#8221;20px&#8221;][\/vc_column][\/vc_row][vc_row][vc_column][vc_empty_space height=&#8221;20px&#8221;][vc_column_text]<\/p>\n<h4><strong>Simulador de Incentivo Fiscal<\/strong><\/h4>\n<p>As contribui\u00e7\u00f5es que voc\u00ea faz ao plano de benef\u00edcios reduzem o imposto de renda que voc\u00ea paga anualmente, pois elas s\u00e3o deduzidas da base de c\u00e1lculo do IR, at\u00e9 o valor correspondente a 12% de sua renda bruta (modelo completo de declara\u00e7\u00e3o). Utilize o <a href=\"https:\/\/www.funsejem.org.br\/educacao-financeira\" target=\"_blank\" rel=\"noopener\">simulador de incentivo fiscal<\/a>\u00a0no site da Funsejem para ver o quanto consegue economizar em imposto.[\/vc_column_text][vc_empty_space height=&#8221;20px&#8221;][vc_single_image image=&#8221;2996&#8243; img_size=&#8221;full&#8221;][\/vc_column][\/vc_row]<\/p>\n<\/section>","protected":false},"excerpt":{"rendered":"<p>Prazo de entrega vai de 23\/03 a 29\/05.<\/p>\n","protected":false},"author":7,"featured_media":10907,"comment_status":"open","ping_status":"open","sticky":false,"template":"","format":"standard","meta":{"footnotes":""},"categories":[77,18,128,61,17],"tags":[28,25],"class_list":["post-10708","post","type-post","status-publish","format-standard","has-post-thumbnail","hentry","category-capa-home","category-dia-a-dia-da-fundacao","category-edicao-147","category-post-grid","category-voce-funsejem","tag-declaracao","tag-ir"],"acf":[],"yoast_head":"<!-- This site is optimized with the Yoast SEO plugin v20.8 - https:\/\/yoast.com\/wordpress\/plugins\/seo\/ -->\n<title>Declara\u00e7\u00e3o de IR 2026 | Futuro On-line<\/title>\n<meta name=\"description\" content=\"A declara\u00e7\u00e3o do Imposto de Renda Pessoa F\u00edsica 2026 vai de 23 de mar\u00e7o a 29 de maio. Veja o declarar do seu plano de previd\u00eancia.\" \/>\n<meta name=\"robots\" content=\"index, follow, max-snippet:-1, max-image-preview:large, max-video-preview:-1\" \/>\n<link rel=\"canonical\" href=\"https:\/\/futurofunsejem.org.br\/online\/declaracao-de-ir-2026\/\" \/>\n<meta property=\"og:locale\" content=\"pt_BR\" \/>\n<meta property=\"og:type\" content=\"article\" \/>\n<meta property=\"og:title\" content=\"Declara\u00e7\u00e3o de IR 2026 | Futuro On-line\" \/>\n<meta property=\"og:description\" content=\"A declara\u00e7\u00e3o do Imposto de Renda Pessoa F\u00edsica 2026 vai de 23 de mar\u00e7o a 29 de maio. Veja o declarar do seu plano de previd\u00eancia.\" \/>\n<meta property=\"og:url\" content=\"https:\/\/futurofunsejem.org.br\/online\/declaracao-de-ir-2026\/\" \/>\n<meta property=\"og:site_name\" content=\"Futuro On-line\" \/>\n<meta property=\"article:published_time\" content=\"2026-03-16T18:54:58+00:00\" \/>\n<meta property=\"article:modified_time\" content=\"2026-03-17T13:04:12+00:00\" \/>\n<meta property=\"og:image\" content=\"https:\/\/futurofunsejem.org.br\/online\/wp-content\/uploads\/2026\/03\/147-declaracaodeir-1920x1080px-copy-3.jpg\" \/>\n\t<meta property=\"og:image:width\" content=\"1920\" \/>\n\t<meta property=\"og:image:height\" content=\"1080\" \/>\n\t<meta property=\"og:image:type\" content=\"image\/jpeg\" \/>\n<meta name=\"author\" content=\"Futuro On-line\" \/>\n<meta name=\"twitter:card\" content=\"summary_large_image\" \/>\n<meta name=\"twitter:label1\" content=\"Escrito por\" \/>\n\t<meta name=\"twitter:data1\" content=\"Futuro On-line\" \/>\n\t<meta name=\"twitter:label2\" content=\"Est. tempo de leitura\" \/>\n\t<meta name=\"twitter:data2\" content=\"3 minutos\" \/>\n<script type=\"application\/ld+json\" class=\"yoast-schema-graph\">{\"@context\":\"https:\/\/schema.org\",\"@graph\":[{\"@type\":\"WebPage\",\"@id\":\"https:\/\/futurofunsejem.org.br\/online\/declaracao-de-ir-2026\/\",\"url\":\"https:\/\/futurofunsejem.org.br\/online\/declaracao-de-ir-2026\/\",\"name\":\"Declara\u00e7\u00e3o de IR 2026 | Futuro On-line\",\"isPartOf\":{\"@id\":\"https:\/\/futurofunsejem.org.br\/online\/#website\"},\"datePublished\":\"2026-03-16T18:54:58+00:00\",\"dateModified\":\"2026-03-17T13:04:12+00:00\",\"author\":{\"@id\":\"https:\/\/futurofunsejem.org.br\/online\/#\/schema\/person\/e610ccd4d289071402e2ea074f8f3906\"},\"description\":\"A declara\u00e7\u00e3o do Imposto de Renda Pessoa F\u00edsica 2026 vai de 23 de mar\u00e7o a 29 de maio. Veja o declarar do seu plano de previd\u00eancia.\",\"breadcrumb\":{\"@id\":\"https:\/\/futurofunsejem.org.br\/online\/declaracao-de-ir-2026\/#breadcrumb\"},\"inLanguage\":\"pt-BR\",\"potentialAction\":[{\"@type\":\"ReadAction\",\"target\":[\"https:\/\/futurofunsejem.org.br\/online\/declaracao-de-ir-2026\/\"]}]},{\"@type\":\"BreadcrumbList\",\"@id\":\"https:\/\/futurofunsejem.org.br\/online\/declaracao-de-ir-2026\/#breadcrumb\",\"itemListElement\":[{\"@type\":\"ListItem\",\"position\":1,\"name\":\"In\u00edcio\",\"item\":\"https:\/\/futurofunsejem.org.br\/online\/\"},{\"@type\":\"ListItem\",\"position\":2,\"name\":\"Declara\u00e7\u00e3o de IR 2026\"}]},{\"@type\":\"WebSite\",\"@id\":\"https:\/\/futurofunsejem.org.br\/online\/#website\",\"url\":\"https:\/\/futurofunsejem.org.br\/online\/\",\"name\":\"Futuro On-line\",\"description\":\"O jornal Futuro, informativo da Funsejem, \u00e9 uma publica\u00e7\u00e3o bimestral divulgada nas empresas da Votorantim, patrocinadoras da Funda\u00e7\u00e3o, e aos participantes autopatrocinados, vinculados e aposentados pelo plano.\",\"potentialAction\":[{\"@type\":\"SearchAction\",\"target\":{\"@type\":\"EntryPoint\",\"urlTemplate\":\"https:\/\/futurofunsejem.org.br\/online\/?s={search_term_string}\"},\"query-input\":\"required name=search_term_string\"}],\"inLanguage\":\"pt-BR\"},{\"@type\":\"Person\",\"@id\":\"https:\/\/futurofunsejem.org.br\/online\/#\/schema\/person\/e610ccd4d289071402e2ea074f8f3906\",\"name\":\"Futuro On-line\",\"image\":{\"@type\":\"ImageObject\",\"inLanguage\":\"pt-BR\",\"@id\":\"https:\/\/futurofunsejem.org.br\/online\/#\/schema\/person\/image\/\",\"url\":\"https:\/\/secure.gravatar.com\/avatar\/bc77d2036e11927570b7c9cd87e39b76289d226ab85a86b2cd39e426b1bcceca?s=96&d=mm&r=g\",\"contentUrl\":\"https:\/\/secure.gravatar.com\/avatar\/bc77d2036e11927570b7c9cd87e39b76289d226ab85a86b2cd39e426b1bcceca?s=96&d=mm&r=g\",\"caption\":\"Futuro On-line\"},\"url\":\"https:\/\/futurofunsejem.org.br\/online\/author\/arvoreazul\/\"}]}<\/script>\n<!-- \/ Yoast SEO plugin. -->","yoast_head_json":{"title":"Declara\u00e7\u00e3o de IR 2026 | Futuro On-line","description":"A declara\u00e7\u00e3o do Imposto de Renda Pessoa F\u00edsica 2026 vai de 23 de mar\u00e7o a 29 de maio. Veja o declarar do seu plano de previd\u00eancia.","robots":{"index":"index","follow":"follow","max-snippet":"max-snippet:-1","max-image-preview":"max-image-preview:large","max-video-preview":"max-video-preview:-1"},"canonical":"https:\/\/futurofunsejem.org.br\/online\/declaracao-de-ir-2026\/","og_locale":"pt_BR","og_type":"article","og_title":"Declara\u00e7\u00e3o de IR 2026 | Futuro On-line","og_description":"A declara\u00e7\u00e3o do Imposto de Renda Pessoa F\u00edsica 2026 vai de 23 de mar\u00e7o a 29 de maio. Veja o declarar do seu plano de previd\u00eancia.","og_url":"https:\/\/futurofunsejem.org.br\/online\/declaracao-de-ir-2026\/","og_site_name":"Futuro On-line","article_published_time":"2026-03-16T18:54:58+00:00","article_modified_time":"2026-03-17T13:04:12+00:00","og_image":[{"width":1920,"height":1080,"url":"https:\/\/futurofunsejem.org.br\/online\/wp-content\/uploads\/2026\/03\/147-declaracaodeir-1920x1080px-copy-3.jpg","type":"image\/jpeg"}],"author":"Futuro On-line","twitter_card":"summary_large_image","twitter_misc":{"Escrito por":"Futuro On-line","Est. tempo de leitura":"3 minutos"},"schema":{"@context":"https:\/\/schema.org","@graph":[{"@type":"WebPage","@id":"https:\/\/futurofunsejem.org.br\/online\/declaracao-de-ir-2026\/","url":"https:\/\/futurofunsejem.org.br\/online\/declaracao-de-ir-2026\/","name":"Declara\u00e7\u00e3o de IR 2026 | Futuro On-line","isPartOf":{"@id":"https:\/\/futurofunsejem.org.br\/online\/#website"},"datePublished":"2026-03-16T18:54:58+00:00","dateModified":"2026-03-17T13:04:12+00:00","author":{"@id":"https:\/\/futurofunsejem.org.br\/online\/#\/schema\/person\/e610ccd4d289071402e2ea074f8f3906"},"description":"A declara\u00e7\u00e3o do Imposto de Renda Pessoa F\u00edsica 2026 vai de 23 de mar\u00e7o a 29 de maio. Veja o declarar do seu plano de previd\u00eancia.","breadcrumb":{"@id":"https:\/\/futurofunsejem.org.br\/online\/declaracao-de-ir-2026\/#breadcrumb"},"inLanguage":"pt-BR","potentialAction":[{"@type":"ReadAction","target":["https:\/\/futurofunsejem.org.br\/online\/declaracao-de-ir-2026\/"]}]},{"@type":"BreadcrumbList","@id":"https:\/\/futurofunsejem.org.br\/online\/declaracao-de-ir-2026\/#breadcrumb","itemListElement":[{"@type":"ListItem","position":1,"name":"In\u00edcio","item":"https:\/\/futurofunsejem.org.br\/online\/"},{"@type":"ListItem","position":2,"name":"Declara\u00e7\u00e3o de IR 2026"}]},{"@type":"WebSite","@id":"https:\/\/futurofunsejem.org.br\/online\/#website","url":"https:\/\/futurofunsejem.org.br\/online\/","name":"Futuro On-line","description":"O jornal Futuro, informativo da Funsejem, \u00e9 uma publica\u00e7\u00e3o bimestral divulgada nas empresas da Votorantim, patrocinadoras da Funda\u00e7\u00e3o, e aos participantes autopatrocinados, vinculados e aposentados pelo plano.","potentialAction":[{"@type":"SearchAction","target":{"@type":"EntryPoint","urlTemplate":"https:\/\/futurofunsejem.org.br\/online\/?s={search_term_string}"},"query-input":"required name=search_term_string"}],"inLanguage":"pt-BR"},{"@type":"Person","@id":"https:\/\/futurofunsejem.org.br\/online\/#\/schema\/person\/e610ccd4d289071402e2ea074f8f3906","name":"Futuro On-line","image":{"@type":"ImageObject","inLanguage":"pt-BR","@id":"https:\/\/futurofunsejem.org.br\/online\/#\/schema\/person\/image\/","url":"https:\/\/secure.gravatar.com\/avatar\/bc77d2036e11927570b7c9cd87e39b76289d226ab85a86b2cd39e426b1bcceca?s=96&d=mm&r=g","contentUrl":"https:\/\/secure.gravatar.com\/avatar\/bc77d2036e11927570b7c9cd87e39b76289d226ab85a86b2cd39e426b1bcceca?s=96&d=mm&r=g","caption":"Futuro On-line"},"url":"https:\/\/futurofunsejem.org.br\/online\/author\/arvoreazul\/"}]}},"_links":{"self":[{"href":"https:\/\/futurofunsejem.org.br\/online\/wp-json\/wp\/v2\/posts\/10708","targetHints":{"allow":["GET"]}}],"collection":[{"href":"https:\/\/futurofunsejem.org.br\/online\/wp-json\/wp\/v2\/posts"}],"about":[{"href":"https:\/\/futurofunsejem.org.br\/online\/wp-json\/wp\/v2\/types\/post"}],"author":[{"embeddable":true,"href":"https:\/\/futurofunsejem.org.br\/online\/wp-json\/wp\/v2\/users\/7"}],"replies":[{"embeddable":true,"href":"https:\/\/futurofunsejem.org.br\/online\/wp-json\/wp\/v2\/comments?post=10708"}],"version-history":[{"count":7,"href":"https:\/\/futurofunsejem.org.br\/online\/wp-json\/wp\/v2\/posts\/10708\/revisions"}],"predecessor-version":[{"id":10913,"href":"https:\/\/futurofunsejem.org.br\/online\/wp-json\/wp\/v2\/posts\/10708\/revisions\/10913"}],"wp:featuredmedia":[{"embeddable":true,"href":"https:\/\/futurofunsejem.org.br\/online\/wp-json\/wp\/v2\/media\/10907"}],"wp:attachment":[{"href":"https:\/\/futurofunsejem.org.br\/online\/wp-json\/wp\/v2\/media?parent=10708"}],"wp:term":[{"taxonomy":"category","embeddable":true,"href":"https:\/\/futurofunsejem.org.br\/online\/wp-json\/wp\/v2\/categories?post=10708"},{"taxonomy":"post_tag","embeddable":true,"href":"https:\/\/futurofunsejem.org.br\/online\/wp-json\/wp\/v2\/tags?post=10708"}],"curies":[{"name":"wp","href":"https:\/\/api.w.org\/{rel}","templated":true}]}}