{"id":10713,"date":"2026-03-16T15:52:59","date_gmt":"2026-03-16T18:52:59","guid":{"rendered":"https:\/\/futurofunsejem.org.br\/online\/?p=10713"},"modified":"2026-03-16T15:52:59","modified_gmt":"2026-03-16T18:52:59","slug":"funsejem-32-anos","status":"publish","type":"post","link":"https:\/\/futurofunsejem.org.br\/online\/funsejem-32-anos\/","title":{"rendered":"Funsejem: 32 anos!"},"content":{"rendered":"<section class=\"wpb-content-wrapper\"><p>[vc_row][vc_column][vc_column_text]No dia 10 de janeiro, a Funsejem completou 32 anos. Mais de tr\u00eas d\u00e9cadas que marcam a preocupa\u00e7\u00e3o da Votorantim em apoiar financeiramente os empregados para a chegada da aposentadoria.[\/vc_column_text][vc_empty_space][\/vc_column][\/vc_row][vc_row][vc_column width=&#8221;1\/2&#8243;][vc_column_text]Atualmente, a Funda\u00e7\u00e3o possui mais de 16,5 mil participantes entre contribuintes (ativos e autopatrocinados), aposentados e pensionistas que contam com uma prote\u00e7\u00e3o representada pelo saldo complementar em forma\u00e7\u00e3o ou j\u00e1 em recebimento de benef\u00edcio. O patrim\u00f4nio da entidade finalizou o ano de 2025 com mais de 2,5 bilh\u00f5es de reais.[\/vc_column_text][vc_empty_space height=&#8221;15px&#8221;][\/vc_column][vc_column width=&#8221;1\/2&#8243;][vc_single_image image=&#8221;10718&#8243; img_size=&#8221;full&#8221;][vc_empty_space][\/vc_column][\/vc_row][vc_row][vc_column][vc_column_text]Esperamos que nesta data especial de anivers\u00e1rio, voc\u00ea tamb\u00e9m se sinta parabenizado pela dedica\u00e7\u00e3o que tem com o futuro, seja ele de aposentadoria ou de novos projetos.<\/p>\n<p>A voc\u00ea, participante, nossos sinceros agradecimentos pela confian\u00e7a. Parab\u00e9ns![\/vc_column_text][\/vc_column][\/vc_row]<\/p>\n<\/section>","protected":false},"excerpt":{"rendered":"<p>Evolu\u00e7\u00e3o e dedica\u00e7\u00e3o por seu futuro.<\/p>\n","protected":false},"author":7,"featured_media":10830,"comment_status":"open","ping_status":"open","sticky":false,"template":"","format":"standard","meta":{"footnotes":""},"categories":[77,18,128,61,17],"tags":[37,56,55,57,54],"class_list":["post-10713","post","type-post","status-publish","format-standard","has-post-thumbnail","hentry","category-capa-home","category-dia-a-dia-da-fundacao","category-edicao-147","category-post-grid","category-voce-funsejem","tag-aposentadoria","tag-aposentados","tag-participantes","tag-pensionistas","tag-previdencia"],"acf":[],"yoast_head":"<!-- This site is optimized with the Yoast SEO plugin v20.8 - https:\/\/yoast.com\/wordpress\/plugins\/seo\/ -->\n<title>Funsejem: 32 anos! | Futuro On-line<\/title>\n<meta name=\"description\" content=\"No dia 10 de janeiro, a Funsejem completou 32 anos. A Funda\u00e7\u00e3o possui mais de 16 mil participantes entre contribuintes.\" \/>\n<meta name=\"robots\" content=\"index, follow, max-snippet:-1, max-image-preview:large, max-video-preview:-1\" \/>\n<link rel=\"canonical\" href=\"https:\/\/futurofunsejem.org.br\/online\/funsejem-32-anos\/\" \/>\n<meta property=\"og:locale\" content=\"pt_BR\" \/>\n<meta property=\"og:type\" content=\"article\" \/>\n<meta property=\"og:title\" content=\"Funsejem: 32 anos! | Futuro On-line\" \/>\n<meta property=\"og:description\" content=\"No dia 10 de janeiro, a Funsejem completou 32 anos. A Funda\u00e7\u00e3o possui mais de 16 mil participantes entre contribuintes.\" \/>\n<meta property=\"og:url\" content=\"https:\/\/futurofunsejem.org.br\/online\/funsejem-32-anos\/\" \/>\n<meta property=\"og:site_name\" content=\"Futuro On-line\" \/>\n<meta property=\"article:published_time\" content=\"2026-03-16T18:52:59+00:00\" \/>\n<meta property=\"og:image\" content=\"https:\/\/futurofunsejem.org.br\/online\/wp-content\/uploads\/2026\/03\/147-aniversariofunsejem-1920x1080px-copy.jpg\" \/>\n\t<meta property=\"og:image:width\" content=\"1920\" \/>\n\t<meta property=\"og:image:height\" content=\"1080\" \/>\n\t<meta property=\"og:image:type\" content=\"image\/jpeg\" \/>\n<meta name=\"author\" content=\"Futuro On-line\" \/>\n<meta name=\"twitter:card\" content=\"summary_large_image\" \/>\n<meta name=\"twitter:label1\" content=\"Escrito por\" \/>\n\t<meta name=\"twitter:data1\" content=\"Futuro On-line\" \/>\n\t<meta name=\"twitter:label2\" content=\"Est. tempo de leitura\" \/>\n\t<meta name=\"twitter:data2\" content=\"1 minuto\" \/>\n<script type=\"application\/ld+json\" class=\"yoast-schema-graph\">{\"@context\":\"https:\/\/schema.org\",\"@graph\":[{\"@type\":\"WebPage\",\"@id\":\"https:\/\/futurofunsejem.org.br\/online\/funsejem-32-anos\/\",\"url\":\"https:\/\/futurofunsejem.org.br\/online\/funsejem-32-anos\/\",\"name\":\"Funsejem: 32 anos! | Futuro On-line\",\"isPartOf\":{\"@id\":\"https:\/\/futurofunsejem.org.br\/online\/#website\"},\"datePublished\":\"2026-03-16T18:52:59+00:00\",\"dateModified\":\"2026-03-16T18:52:59+00:00\",\"author\":{\"@id\":\"https:\/\/futurofunsejem.org.br\/online\/#\/schema\/person\/e610ccd4d289071402e2ea074f8f3906\"},\"description\":\"No dia 10 de janeiro, a Funsejem completou 32 anos. A Funda\u00e7\u00e3o possui mais de 16 mil participantes entre contribuintes.\",\"breadcrumb\":{\"@id\":\"https:\/\/futurofunsejem.org.br\/online\/funsejem-32-anos\/#breadcrumb\"},\"inLanguage\":\"pt-BR\",\"potentialAction\":[{\"@type\":\"ReadAction\",\"target\":[\"https:\/\/futurofunsejem.org.br\/online\/funsejem-32-anos\/\"]}]},{\"@type\":\"BreadcrumbList\",\"@id\":\"https:\/\/futurofunsejem.org.br\/online\/funsejem-32-anos\/#breadcrumb\",\"itemListElement\":[{\"@type\":\"ListItem\",\"position\":1,\"name\":\"In\u00edcio\",\"item\":\"https:\/\/futurofunsejem.org.br\/online\/\"},{\"@type\":\"ListItem\",\"position\":2,\"name\":\"Funsejem: 32 anos!\"}]},{\"@type\":\"WebSite\",\"@id\":\"https:\/\/futurofunsejem.org.br\/online\/#website\",\"url\":\"https:\/\/futurofunsejem.org.br\/online\/\",\"name\":\"Futuro On-line\",\"description\":\"O jornal Futuro, informativo da Funsejem, \u00e9 uma publica\u00e7\u00e3o bimestral divulgada nas empresas da Votorantim, patrocinadoras da Funda\u00e7\u00e3o, e aos participantes autopatrocinados, vinculados e aposentados pelo plano.\",\"potentialAction\":[{\"@type\":\"SearchAction\",\"target\":{\"@type\":\"EntryPoint\",\"urlTemplate\":\"https:\/\/futurofunsejem.org.br\/online\/?s={search_term_string}\"},\"query-input\":\"required name=search_term_string\"}],\"inLanguage\":\"pt-BR\"},{\"@type\":\"Person\",\"@id\":\"https:\/\/futurofunsejem.org.br\/online\/#\/schema\/person\/e610ccd4d289071402e2ea074f8f3906\",\"name\":\"Futuro On-line\",\"image\":{\"@type\":\"ImageObject\",\"inLanguage\":\"pt-BR\",\"@id\":\"https:\/\/futurofunsejem.org.br\/online\/#\/schema\/person\/image\/\",\"url\":\"https:\/\/secure.gravatar.com\/avatar\/bc77d2036e11927570b7c9cd87e39b76289d226ab85a86b2cd39e426b1bcceca?s=96&d=mm&r=g\",\"contentUrl\":\"https:\/\/secure.gravatar.com\/avatar\/bc77d2036e11927570b7c9cd87e39b76289d226ab85a86b2cd39e426b1bcceca?s=96&d=mm&r=g\",\"caption\":\"Futuro On-line\"},\"url\":\"https:\/\/futurofunsejem.org.br\/online\/author\/arvoreazul\/\"}]}<\/script>\n<!-- \/ Yoast SEO plugin. -->","yoast_head_json":{"title":"Funsejem: 32 anos! | Futuro On-line","description":"No dia 10 de janeiro, a Funsejem completou 32 anos. A Funda\u00e7\u00e3o possui mais de 16 mil participantes entre contribuintes.","robots":{"index":"index","follow":"follow","max-snippet":"max-snippet:-1","max-image-preview":"max-image-preview:large","max-video-preview":"max-video-preview:-1"},"canonical":"https:\/\/futurofunsejem.org.br\/online\/funsejem-32-anos\/","og_locale":"pt_BR","og_type":"article","og_title":"Funsejem: 32 anos! | Futuro On-line","og_description":"No dia 10 de janeiro, a Funsejem completou 32 anos. A Funda\u00e7\u00e3o possui mais de 16 mil participantes entre contribuintes.","og_url":"https:\/\/futurofunsejem.org.br\/online\/funsejem-32-anos\/","og_site_name":"Futuro On-line","article_published_time":"2026-03-16T18:52:59+00:00","og_image":[{"width":1920,"height":1080,"url":"https:\/\/futurofunsejem.org.br\/online\/wp-content\/uploads\/2026\/03\/147-aniversariofunsejem-1920x1080px-copy.jpg","type":"image\/jpeg"}],"author":"Futuro On-line","twitter_card":"summary_large_image","twitter_misc":{"Escrito por":"Futuro On-line","Est. tempo de leitura":"1 minuto"},"schema":{"@context":"https:\/\/schema.org","@graph":[{"@type":"WebPage","@id":"https:\/\/futurofunsejem.org.br\/online\/funsejem-32-anos\/","url":"https:\/\/futurofunsejem.org.br\/online\/funsejem-32-anos\/","name":"Funsejem: 32 anos! | Futuro On-line","isPartOf":{"@id":"https:\/\/futurofunsejem.org.br\/online\/#website"},"datePublished":"2026-03-16T18:52:59+00:00","dateModified":"2026-03-16T18:52:59+00:00","author":{"@id":"https:\/\/futurofunsejem.org.br\/online\/#\/schema\/person\/e610ccd4d289071402e2ea074f8f3906"},"description":"No dia 10 de janeiro, a Funsejem completou 32 anos. A Funda\u00e7\u00e3o possui mais de 16 mil participantes entre contribuintes.","breadcrumb":{"@id":"https:\/\/futurofunsejem.org.br\/online\/funsejem-32-anos\/#breadcrumb"},"inLanguage":"pt-BR","potentialAction":[{"@type":"ReadAction","target":["https:\/\/futurofunsejem.org.br\/online\/funsejem-32-anos\/"]}]},{"@type":"BreadcrumbList","@id":"https:\/\/futurofunsejem.org.br\/online\/funsejem-32-anos\/#breadcrumb","itemListElement":[{"@type":"ListItem","position":1,"name":"In\u00edcio","item":"https:\/\/futurofunsejem.org.br\/online\/"},{"@type":"ListItem","position":2,"name":"Funsejem: 32 anos!"}]},{"@type":"WebSite","@id":"https:\/\/futurofunsejem.org.br\/online\/#website","url":"https:\/\/futurofunsejem.org.br\/online\/","name":"Futuro On-line","description":"O jornal Futuro, informativo da Funsejem, \u00e9 uma publica\u00e7\u00e3o bimestral divulgada nas empresas da Votorantim, patrocinadoras da Funda\u00e7\u00e3o, e aos participantes autopatrocinados, vinculados e aposentados pelo plano.","potentialAction":[{"@type":"SearchAction","target":{"@type":"EntryPoint","urlTemplate":"https:\/\/futurofunsejem.org.br\/online\/?s={search_term_string}"},"query-input":"required name=search_term_string"}],"inLanguage":"pt-BR"},{"@type":"Person","@id":"https:\/\/futurofunsejem.org.br\/online\/#\/schema\/person\/e610ccd4d289071402e2ea074f8f3906","name":"Futuro On-line","image":{"@type":"ImageObject","inLanguage":"pt-BR","@id":"https:\/\/futurofunsejem.org.br\/online\/#\/schema\/person\/image\/","url":"https:\/\/secure.gravatar.com\/avatar\/bc77d2036e11927570b7c9cd87e39b76289d226ab85a86b2cd39e426b1bcceca?s=96&d=mm&r=g","contentUrl":"https:\/\/secure.gravatar.com\/avatar\/bc77d2036e11927570b7c9cd87e39b76289d226ab85a86b2cd39e426b1bcceca?s=96&d=mm&r=g","caption":"Futuro On-line"},"url":"https:\/\/futurofunsejem.org.br\/online\/author\/arvoreazul\/"}]}},"_links":{"self":[{"href":"https:\/\/futurofunsejem.org.br\/online\/wp-json\/wp\/v2\/posts\/10713","targetHints":{"allow":["GET"]}}],"collection":[{"href":"https:\/\/futurofunsejem.org.br\/online\/wp-json\/wp\/v2\/posts"}],"about":[{"href":"https:\/\/futurofunsejem.org.br\/online\/wp-json\/wp\/v2\/types\/post"}],"author":[{"embeddable":true,"href":"https:\/\/futurofunsejem.org.br\/online\/wp-json\/wp\/v2\/users\/7"}],"replies":[{"embeddable":true,"href":"https:\/\/futurofunsejem.org.br\/online\/wp-json\/wp\/v2\/comments?post=10713"}],"version-history":[{"count":5,"href":"https:\/\/futurofunsejem.org.br\/online\/wp-json\/wp\/v2\/posts\/10713\/revisions"}],"predecessor-version":[{"id":10719,"href":"https:\/\/futurofunsejem.org.br\/online\/wp-json\/wp\/v2\/posts\/10713\/revisions\/10719"}],"wp:featuredmedia":[{"embeddable":true,"href":"https:\/\/futurofunsejem.org.br\/online\/wp-json\/wp\/v2\/media\/10830"}],"wp:attachment":[{"href":"https:\/\/futurofunsejem.org.br\/online\/wp-json\/wp\/v2\/media?parent=10713"}],"wp:term":[{"taxonomy":"category","embeddable":true,"href":"https:\/\/futurofunsejem.org.br\/online\/wp-json\/wp\/v2\/categories?post=10713"},{"taxonomy":"post_tag","embeddable":true,"href":"https:\/\/futurofunsejem.org.br\/online\/wp-json\/wp\/v2\/tags?post=10713"}],"curies":[{"name":"wp","href":"https:\/\/api.w.org\/{rel}","templated":true}]}}