{"id":10766,"date":"2026-03-16T15:56:41","date_gmt":"2026-03-16T18:56:41","guid":{"rendered":"https:\/\/futurofunsejem.org.br\/online\/?p=10766"},"modified":"2026-03-16T15:56:41","modified_gmt":"2026-03-16T18:56:41","slug":"nova-regra-de-r-5-mil-exige-atencao-dos-aposentados","status":"publish","type":"post","link":"https:\/\/futurofunsejem.org.br\/online\/nova-regra-de-r-5-mil-exige-atencao-dos-aposentados\/","title":{"rendered":"Nova regra de R$ 5 mil exige aten\u00e7\u00e3o dos aposentados"},"content":{"rendered":"<section class=\"wpb-content-wrapper\"><p>[vc_row][vc_column width=&#8221;2\/3&#8243;][vc_column_text]A nova regra de redu\u00e7\u00e3o do Imposto de Renda (IR), v\u00e1lida para rendimentos recebidos no ano-calend\u00e1rio 2026, trouxe mais d\u00favidas do que respostas para muitos aposentados. Isso significa que ela n\u00e3o ter\u00e1 efeito na declara\u00e7\u00e3o deste ano, referente aos ganhos de 2025. Embora popularmente chamada de isen\u00e7\u00e3o de R$ 5 mil, o mecanismo n\u00e3o \u00e9 tecnicamente uma isen\u00e7\u00e3o completa, mas sim um desconto aplicado sobre rendimentos tribut\u00e1veis, como explica a mestre em Ci\u00eancia Cont\u00e1beis, professora do MBA em Controladoria e Finan\u00e7as do Centro Universit\u00e1rio Cesuca, Lilian Martins.[\/vc_column_text][vc_empty_space height=&#8221;15px&#8221;][\/vc_column][vc_column width=&#8221;1\/3&#8243;][vc_single_image image=&#8221;10816&#8243; img_size=&#8221;full&#8221;][vc_empty_space][\/vc_column][\/vc_row][vc_row][vc_column][vc_custom_heading text=&#8221;\u201cO termo \u2018isen\u00e7\u00e3o\u2019 n\u00e3o \u00e9 o mais preciso. O que a lei traz \u00e9 uma redu\u00e7\u00e3o do imposto devido para rendas mais baixas, n\u00e3o um benef\u00edcio que zera o tributo. O objetivo \u00e9 aliviar a carga tribut\u00e1ria nas faixas menores, ao mesmo tempo em que se estabelece uma tributa\u00e7\u00e3o m\u00ednima para quem recebe valores mais elevados\u201d.&#8221; font_container=&#8221;tag:p|text_align:left|color:%231a907c&#8221; google_fonts=&#8221;font_family:Open%20Sans%3A300%2C300italic%2Cregular%2Citalic%2C600%2C600italic%2C700%2C700italic%2C800%2C800italic|font_style:400%20italic%3A400%3Aitalic&#8221;][\/vc_column][\/vc_row][vc_row][vc_column][vc_column_text]<\/p>\n<h4><strong>Como funciona a nova regra<\/strong><\/h4>\n<p>A Lei n\u00ba 15.270\/2025 prev\u00ea um desconto no imposto devido para quem recebe at\u00e9 R$ 5 mil mensais. O mecanismo vale tanto para rendimentos tribut\u00e1veis mensais quanto para o d\u00e9cimo terceiro sal\u00e1rio. Lilian refor\u00e7a que o impacto tamb\u00e9m alcan\u00e7a aposentados, desde que dentro das regras estabelecidas. \u201cOs rendimentos percebidos por aposentados tamb\u00e9m s\u00e3o alcan\u00e7ados pela aplica\u00e7\u00e3o desse desconto, observados os crit\u00e9rios e limites da legisla\u00e7\u00e3o.\u201d<\/p>\n<p>\u00c9 importante lembrar que a isen\u00e7\u00e3o adicional para maiores de 65 anos continua valendo, mas funciona de forma separada. \u201cA nova faixa n\u00e3o substitui a isen\u00e7\u00e3o por idade. S\u00e3o benef\u00edcios diferentes, aplicados em etapas distintas do c\u00e1lculo\u201d, detalha a professora.[\/vc_column_text][vc_empty_space][\/vc_column][\/vc_row][vc_row][vc_column][vc_column_text]<\/p>\n<h4><strong>Uma fonte x v\u00e1rias fontes: por que isso muda tudo<\/strong><\/h4>\n<p>O maior risco est\u00e1 nos aposentados que recebem valores de duas ou mais fontes pagadoras. \u201cQuando existe apenas uma fonte pagadora, o imposto retido tende a ser mais pr\u00f3ximo do valor final. J\u00e1 quem tem mais de uma fonte acaba sofrendo reten\u00e7\u00f5es fragmentadas. Ou seja, cada pagador age como se fosse o \u00fanico, uma vez que as fontes pagadoras n\u00e3o compartilham informa\u00e7\u00f5es entre si. Com isso, o ajuste s\u00f3 acontece na declara\u00e7\u00e3o, e \u00e9 a\u00ed que surge o imposto inesperado\u201d, alerta Lilian.[\/vc_column_text][vc_empty_space][\/vc_column][\/vc_row][vc_row css=&#8221;.vc_custom_1773151785776{margin-right: 3px !important;margin-left: 3px !important;padding-top: 20px !important;padding-right: 10px !important;padding-bottom: 20px !important;padding-left: 10px !important;background-color: rgba(221,153,51,0.2) !important;*background-color: rgb(221,153,51) !important;}&#8221;][vc_column width=&#8221;1\/4&#8243;][vc_single_image image=&#8221;10895&#8243; img_size=&#8221;full&#8221;][vc_empty_space height=&#8221;15px&#8221;][\/vc_column][vc_column width=&#8221;3\/4&#8243;][vc_column_text]<\/p>\n<h6 style=\"text-align: center;\"><strong>Veja o exemplo:<\/strong><\/h6>\n<p style=\"text-align: center;\">Um aposentado de 66 anos recebe:<\/p>\n<p>[\/vc_column_text][vc_empty_space height=&#8221;15px&#8221;][vc_row_inner][vc_column_inner width=&#8221;2\/5&#8243;][vc_column_text css=&#8221;.vc_custom_1773154084327{margin-bottom: 0px !important;border-bottom-width: 0px !important;padding-bottom: 0px !important;}&#8221;]<\/p>\n<h6 style=\"text-align: center;\"><span style=\"color: #ff6600;\"><strong>R$ 3.700<\/strong><\/span><br \/>\n<span style=\"color: #ff6600;\"><strong>INSS<\/strong><\/span><\/h6>\n<p>[\/vc_column_text][vc_icon icon_fontawesome=&#8221;fas fa-angle-double-down&#8221; color=&#8221;custom&#8221; align=&#8221;center&#8221; css=&#8221;.vc_custom_1773153312277{margin-top: 0px !important;margin-bottom: 0px !important;border-top-width: 0px !important;border-bottom-width: 0px !important;padding-top: 0px !important;padding-bottom: 0px !important;}&#8221; custom_color=&#8221;#ff5b00&#8243;][vc_column_text css=&#8221;.vc_custom_1773154094709{margin-top: 0px !important;border-top-width: 0px !important;padding-top: 0px !important;}&#8221;]<\/p>\n<h6 style=\"text-align: center;\"><span style=\"color: #ff6600;\"><strong>R$ 1.903,98<\/strong><\/span><br \/>\n<span style=\"color: #ff6600;\"><strong>isentos por causa da idade<\/strong><\/span><\/h6>\n<p>[\/vc_column_text][\/vc_column_inner][vc_column_inner width=&#8221;1\/5&#8243;][vc_icon icon_fontawesome=&#8221;fas fa-plus&#8221; color=&#8221;custom&#8221; size=&#8221;lg&#8221; align=&#8221;center&#8221; css=&#8221;.vc_custom_1773154029209{margin-top: 0px !important;margin-bottom: 0px !important;border-top-width: 0px !important;border-bottom-width: 0px !important;padding-top: 0px !important;padding-bottom: 0px !important;}&#8221; custom_color=&#8221;#ff5b00&#8243;][\/vc_column_inner][vc_column_inner width=&#8221;2\/5&#8243;][vc_column_text]<\/p>\n<h6 style=\"text-align: center;\"><span style=\"color: #ff6600;\"><strong>R$ 3.800<\/strong><\/span><br \/>\n<span style=\"color: #ff6600;\"><strong>Sal\u00e1rio CLT<br \/>\nde professor<\/strong><\/span><\/h6>\n<p>[\/vc_column_text][\/vc_column_inner][\/vc_row_inner][vc_empty_space height=&#8221;15px&#8221;][vc_column_text]Separadamente, nenhum dos dois rendimentos sofre reten\u00e7\u00e3o. \u201cMas ao consolidar as rendas, a soma entra em faixa sujeita a imposto, e a al\u00edquota efetiva chega perto de 10%, gerando imposto a pagar\u201d, explica a especialista.[\/vc_column_text][\/vc_column][\/vc_row][vc_row][vc_column][vc_empty_space][vc_column_text]<\/p>\n<h4><strong>INSS x previd\u00eancia privada: muda a tributa\u00e7\u00e3o?<\/strong><\/h4>\n<p>Sim, e muito. \u201cO INSS segue a tabela progressiva e tem isen\u00e7\u00e3o extra acima dos 65 anos\u201d, explica Lilian. \u201cNa previd\u00eancia privada, essa isen\u00e7\u00e3o por idade tamb\u00e9m existe quando o benef\u00edcio \u00e9 tributado pelo regime progressivo. Isto \u00e9, quando segue a mesma tabela do IR da pessoa f\u00edsica. J\u00e1 no regime regressivo (tributa\u00e7\u00e3o exclusiva na fonte por tempo de acumula\u00e7\u00e3o), a isen\u00e7\u00e3o por idade n\u00e3o se aplica. No PGBL, o IR incide sobre o valor total do benef\u00edcio e o participante escolhe entre progressivo (com possibilidade de isen\u00e7\u00e3o por idade) ou regressivo (sem isen\u00e7\u00e3o por idade). No VGBL, o IR incide apenas sobre os rendimentos, tamb\u00e9m com op\u00e7\u00e3o por progressivo (com isen\u00e7\u00e3o por idade) ou regressivo (sem isen\u00e7\u00e3o). Esses detalhes mudam completamente o c\u00e1lculo do ajuste.\u201d[\/vc_column_text][vc_empty_space][\/vc_column][\/vc_row][vc_row css=&#8221;.vc_custom_1772805356389{margin-right: 3px !important;margin-left: 3px !important;padding-top: 20px !important;padding-right: 10px !important;padding-bottom: 20px !important;padding-left: 10px !important;background-color: rgba(30,115,190,0.3) !important;*background-color: rgb(30,115,190) !important;}&#8221;][vc_column][vc_empty_space height=&#8221;15px&#8221;][vc_column_text]<\/p>\n<h4><strong>Aten\u00e7\u00e3o, participante Funsejem<\/strong><\/h4>\n<p>Se voc\u00ea \u00e9 aposentado pelos planos <strong>Votorantim Prev<\/strong> ou <strong>VCNE<\/strong>, a nova redu\u00e7\u00e3o de IR de at\u00e9 R$ 5 mil tamb\u00e9m pode ser aplicada, mas o efeito depender\u00e1 do regime tribut\u00e1rio que voc\u00ea escolheu ao iniciar seu benef\u00edcio. Desde 2024, essa escolha (progressivo ou regressivo) passou a ser feita no momento da aposentadoria, e n\u00e3o mais na ades\u00e3o ao plano, e <strong>n\u00e3o pode ser alterada depois<\/strong>.[\/vc_column_text][vc_empty_space height=&#8221;15px&#8221;][mvc_infobox info_style=&#8221;mega_info_box_2&#8243; info_opt=&#8221;show_icon&#8221; icon_size=&#8221;12&#8243; title_color=&#8221;#1e73be&#8221; font_icon=&#8221;fas fa-dot-circle&#8221; info_title=&#8221;Regime progressivo:&#8221; title_size=&#8221;16&#8243; icon_color=&#8221;#1e73be&#8221; css=&#8221;.vc_custom_1772805205310{margin-bottom: 0px !important;border-bottom-width: 0px !important;padding-bottom: 0px !important;}&#8221;]Segue a tabela tradicional do IR, por isso pode aproveitar o novo desconto de at\u00e9 R$ 5 mil, al\u00e9m da isen\u00e7\u00e3o extra para maiores de 65 anos, como no INSS.[\/mvc_infobox][mvc_infobox info_style=&#8221;mega_info_box_2&#8243; info_opt=&#8221;show_icon&#8221; icon_size=&#8221;12&#8243; title_color=&#8221;#1e73be&#8221; font_icon=&#8221;fas fa-dot-circle&#8221; info_title=&#8221;Regime regressivo:&#8221; title_size=&#8221;16&#8243; icon_color=&#8221;#1e73be&#8221; css=&#8221;.vc_custom_1772805402032{margin-top: 0px !important;margin-bottom: 0px !important;border-top-width: 0px !important;border-bottom-width: 0px !important;padding-top: 0px !important;padding-bottom: 0px !important;}&#8221;]N\u00e3o muda com a nova regra. As al\u00edquotas continuam sendo definidas pelo tempo de acumula\u00e7\u00e3o e n\u00e3o pela tabela mensal.[\/mvc_infobox][vc_column_text]Assim como ocorre com outros aposentados que t\u00eam mais de uma fonte de renda, quem recebe INSS + Funsejem (ou outras rendas adicionais) pode ter imposto a pagar no ajuste anual. As reten\u00e7\u00f5es feitas separadamente n\u00e3o se comunicam, e a soma final pode elevar a tributa\u00e7\u00e3o no momento da declara\u00e7\u00e3o.[\/vc_column_text][\/vc_column][\/vc_row][vc_row][vc_column][vc_empty_space][\/vc_column][\/vc_row][vc_row][vc_column width=&#8221;1\/4&#8243;][vc_single_image image=&#8221;10818&#8243; img_size=&#8221;full&#8221;][vc_empty_space height=&#8221;15px&#8221;][\/vc_column][vc_column width=&#8221;3\/4&#8243;][vc_column_text]<\/p>\n<h4><strong>Como evitar surpresas na declara\u00e7\u00e3o<\/strong><\/h4>\n<p>Segundo a professora, h\u00e1 um caminho claro. \u201cA melhor alternativa \u00e9 realizar pagamentos mensais pelo carn\u00ea\u2011le\u00e3o. Ele complementa as reten\u00e7\u00f5es das fontes e evita o ac\u00famulo de imposto a pagar na declara\u00e7\u00e3o.\u201d Ela explica que guardar uma reserva mensal pode ajudar, mas n\u00e3o substitui o recolhimento. \u201cA reserva \u00e9 \u00fatil, mas n\u00e3o resolve o c\u00e1lculo. O carn\u00ea\u2011le\u00e3o \u00e9 a forma mais recomendada, porque calcula a tributa\u00e7\u00e3o real da soma das rendas.\u201d[\/vc_column_text][vc_empty_space][\/vc_column][\/vc_row][vc_row][vc_column][vc_column_text]<\/p>\n<h4><strong>Formas legais de reduzir o imposto<\/strong><\/h4>\n<p>Lilian destaca que planejamento \u00e9 indispens\u00e1vel. \u201cExistem formas legais de reduzir o impacto, desde que haja planejamento pr\u00e9vio. O uso correto das dedu\u00e7\u00f5es faz muita diferen\u00e7a.\u201d<\/p>\n<p>Entre as principais estrat\u00e9gias:[\/vc_column_text][mvc_infobox info_style=&#8221;mega_info_box_2&#8243; info_opt=&#8221;show_icon&#8221; icon_size=&#8221;20&#8243; title_color=&#8221;#595959&#8243; font_icon=&#8221;fas fa-check-circle&#8221; info_title=&#8221;Acompanhar mensalmente a renda total;&#8221; title_size=&#8221;15&#8243; icon_color=&#8221;#5cd606&#8243;][\/mvc_infobox][mvc_infobox info_style=&#8221;mega_info_box_2&#8243; info_opt=&#8221;show_icon&#8221; icon_size=&#8221;20&#8243; title_color=&#8221;#595959&#8243; font_icon=&#8221;fas fa-check-circle&#8221; info_title=&#8221;Utilizar despesas dedut\u00edveis (m\u00e9dicas, educacionais, dependentes, pens\u00e3o judicial);&#8221; title_size=&#8221;15&#8243; icon_color=&#8221;#5cd606&#8243; css=&#8221;.vc_custom_1772806499508{padding-top: 0px !important;padding-bottom: 0px !important;}&#8221;][\/mvc_infobox][mvc_infobox info_style=&#8221;mega_info_box_2&#8243; info_opt=&#8221;show_icon&#8221; icon_size=&#8221;20&#8243; line_height=&#8221;1.5&#8243; title_color=&#8221;#595959&#8243; font_icon=&#8221;fas fa-check-circle&#8221; info_title=&#8221;Contribuir para planos como o da Funsejem e PGBLs, dentro do limite de 12% da renda tribut\u00e1vel;&#8221; title_size=&#8221;15&#8243; icon_color=&#8221;#5cd606&#8243;][\/mvc_infobox][mvc_infobox info_style=&#8221;mega_info_box_2&#8243; info_opt=&#8221;show_icon&#8221; icon_size=&#8221;20&#8243; title_color=&#8221;#595959&#8243; font_icon=&#8221;fas fa-check-circle&#8221; info_title=&#8221;Simular antes de escolher entre declara\u00e7\u00e3o completa ou simplificada.&#8221; title_size=&#8221;15&#8243; icon_color=&#8221;#5cd606&#8243; css=&#8221;.vc_custom_1772806535541{padding-top: 0px !important;}&#8221;][\/mvc_infobox][vc_empty_space height=&#8221;15px&#8221;][\/vc_column][\/vc_row][vc_row][vc_column][vc_column_text]<\/p>\n<h4><strong>Como se organizar ao longo do ano<\/strong><\/h4>\n<p>[\/vc_column_text][vc_empty_space][vc_row_inner][vc_column_inner width=&#8221;1\/4&#8243;][vc_single_image image=&#8221;10819&#8243; img_size=&#8221;full&#8221;][vc_empty_space height=&#8221;15px&#8221;][\/vc_column_inner][vc_column_inner width=&#8221;3\/4&#8243;][mvc_infobox info_style=&#8221;mega_info_box_2&#8243; info_opt=&#8221;show_icon&#8221; icon_size=&#8221;20&#8243; line_height=&#8221;1.5&#8243; title_color=&#8221;#595959&#8243; font_icon=&#8221;fas fa-calendar-check&#8221; info_title=&#8221;Use planilhas ou aplicativos de organiza\u00e7\u00e3o. \u201cO ideal \u00e9 registrar mensalmente os recebimentos, as despesas dedut\u00edveis e os recolhimentos. Acompanhar m\u00eas a m\u00eas evita sustos\u201d, orienta.&#8221; title_size=&#8221;15&#8243; icon_color=&#8221;#fc9700&#8243;][\/mvc_infobox][mvc_infobox info_style=&#8221;mega_info_box_2&#8243; info_opt=&#8221;show_icon&#8221; icon_size=&#8221;20&#8243; line_height=&#8221;1.5&#8243; title_color=&#8221;#595959&#8243; font_icon=&#8221;fas fa-calendar-check&#8221; info_title=&#8221;Guarde recibos e comprovantes. Especialmente aqueles que podem entrar como dedu\u00e7\u00e3o no IR.&#8221; title_size=&#8221;15&#8243; icon_color=&#8221;#fc9700&#8243; css=&#8221;.vc_custom_1772806949499{margin-top: 0px !important;margin-bottom: 0px !important;border-top-width: 0px !important;border-bottom-width: 0px !important;padding-top: 0px !important;padding-bottom: 0px !important;}&#8221;][\/mvc_infobox][mvc_infobox info_style=&#8221;mega_info_box_2&#8243; info_opt=&#8221;show_icon&#8221; icon_size=&#8221;20&#8243; line_height=&#8221;1.5&#8243; title_color=&#8221;#595959&#8243; font_icon=&#8221;fas fa-calendar-check&#8221; info_title=&#8221;Fa\u00e7a simula\u00e7\u00f5es sempre que houver mudan\u00e7a de renda. O simulador da Receita Federal facilita o c\u00e1lculo ao longo do ano. A Funsejem tamb\u00e9m disponibiliza um simulador para o IR.&#8221; title_size=&#8221;15&#8243; icon_color=&#8221;#fc9700&#8243; css=&#8221;.vc_custom_1772807762277{margin-bottom: 0px !important;border-bottom-width: 0px !important;padding-bottom: 0px !important;}&#8221;]<span style=\"color: #ff9900;\"><a style=\"color: #ff9900;\" href=\"https:\/\/www27.receita.fazenda.gov.br\/simulador-irpf\/\" target=\"_blank\" rel=\"noopener\">Simulador da Receita Federal<\/a> |\u00a0<a style=\"color: #ff9900;\" href=\"https:\/\/www.funsejem.org.br\/educacao-financeira#simuladores\" target=\"_blank\" rel=\"noopener\">Simulador da Funsejem<\/a><\/span>[\/mvc_infobox][mvc_infobox info_style=&#8221;mega_info_box_2&#8243; info_opt=&#8221;show_icon&#8221; icon_size=&#8221;20&#8243; line_height=&#8221;1.5&#8243; title_color=&#8221;#595959&#8243; font_icon=&#8221;fas fa-calendar-check&#8221; info_title=&#8221;Procure ajuda profissional no come\u00e7o do ano. \u201cO que mais acontece \u00e9 o aposentado procurar o contador s\u00f3 na hora de declarar. Mas a\u00ed j\u00e1 n\u00e3o \u00e9 poss\u00edvel corrigir nada. Com planejamento, \u00e9 poss\u00edvel evitar surpresas e at\u00e9 reduzir o imposto de maneira legal\u201d, finaliza Lilian.&#8221; title_size=&#8221;15&#8243; icon_color=&#8221;#fc9700&#8243; css=&#8221;.vc_custom_1772807805365{margin-top: 0px !important;border-top-width: 0px !important;padding-top: 0px !important;}&#8221;][\/mvc_infobox][\/vc_column_inner][\/vc_row_inner][vc_empty_space][\/vc_column][\/vc_row][vc_row css=&#8221;.vc_custom_1772807012409{margin-right: 3px !important;margin-left: 3px !important;padding-top: 20px !important;background-color: #fff3e0 !important;}&#8221;][vc_column][info_list_father][info_list_son style=&#8221;icon&#8221; size=&#8221;40&#8243; width=&#8221;50&#8243; height=&#8221;50&#8243; titlesize=&#8221;17&#8243; titleclr=&#8221;#fab400&#8243; icon=&#8221;fa fa-exclamation-triangle&#8221; iconclr=&#8221;#fab400&#8243; iconbg=&#8221;#fff3e0&#8243; title=&#8221;Sempre alerta!&#8221;]Quando o assunto \u00e9 investimento, sua an\u00e1lise precisa se basear no momento pelo qual passa o mercado financeiro, nas caracter\u00edsticas da aplica\u00e7\u00e3o, e na adequa\u00e7\u00e3o ao seu perfil de investidor. Os desempenhos, sejam de sua carteira pessoal ou da sua modalidade de investimento no plano de aposentadoria da Funsejem, devem ser considerados apenas como refer\u00eancia de gest\u00e3o, e n\u00e3o como fator determinante para sua escolha, pois <strong>resultados passados n\u00e3o garantem rentabilidade futura<\/strong>.[\/info_list_son][\/info_list_father][\/vc_column][\/vc_row]<\/p>\n<\/section>","protected":false},"excerpt":{"rendered":"<p>Mudan\u00e7a vale para o ano-calend\u00e1rio 2026 e pode gerar imposto extra para quem tem mais de uma fonte de renda.<\/p>\n","protected":false},"author":7,"featured_media":10894,"comment_status":"open","ping_status":"open","sticky":false,"template":"","format":"standard","meta":{"footnotes":""},"categories":[2,128,6],"tags":[54,74],"class_list":["post-10766","post","type-post","status-publish","format-standard","has-post-thumbnail","hentry","category-destaque","category-edicao-147","category-investimentos","tag-previdencia","tag-tributacao"],"acf":[],"yoast_head":"<!-- This site is optimized with the Yoast SEO plugin v20.8 - https:\/\/yoast.com\/wordpress\/plugins\/seo\/ -->\n<title>IR: regra de R$ 5 mil, aten\u00e7\u00e3o dos aposentados! | Futuro On-line<\/title>\n<meta name=\"description\" content=\"A nova regra de redu\u00e7\u00e3o do Imposto de Renda (IR) para quem recebe at\u00e9 R$ 5 mil mensais n\u00e3o ter\u00e1 efeito na declara\u00e7\u00e3o de 2026.\" \/>\n<meta name=\"robots\" content=\"index, follow, max-snippet:-1, max-image-preview:large, max-video-preview:-1\" \/>\n<link rel=\"canonical\" href=\"https:\/\/futurofunsejem.org.br\/online\/nova-regra-de-r-5-mil-exige-atencao-dos-aposentados\/\" \/>\n<meta property=\"og:locale\" content=\"pt_BR\" \/>\n<meta property=\"og:type\" content=\"article\" \/>\n<meta property=\"og:title\" content=\"IR: regra de R$ 5 mil, aten\u00e7\u00e3o dos aposentados! | Futuro On-line\" \/>\n<meta property=\"og:description\" content=\"A nova regra de redu\u00e7\u00e3o do Imposto de Renda (IR) para quem recebe at\u00e9 R$ 5 mil mensais n\u00e3o ter\u00e1 efeito na declara\u00e7\u00e3o de 2026.\" \/>\n<meta property=\"og:url\" content=\"https:\/\/futurofunsejem.org.br\/online\/nova-regra-de-r-5-mil-exige-atencao-dos-aposentados\/\" \/>\n<meta property=\"og:site_name\" content=\"Futuro On-line\" \/>\n<meta property=\"article:published_time\" content=\"2026-03-16T18:56:41+00:00\" \/>\n<meta property=\"og:image\" content=\"https:\/\/futurofunsejem.org.br\/online\/wp-content\/uploads\/2026\/03\/147-investimentos-1920x1080px-copy-1.jpg\" \/>\n\t<meta property=\"og:image:width\" content=\"1920\" \/>\n\t<meta property=\"og:image:height\" content=\"1080\" \/>\n\t<meta property=\"og:image:type\" content=\"image\/jpeg\" \/>\n<meta name=\"author\" content=\"Futuro On-line\" \/>\n<meta name=\"twitter:card\" content=\"summary_large_image\" \/>\n<meta name=\"twitter:label1\" content=\"Escrito por\" \/>\n\t<meta name=\"twitter:data1\" content=\"Futuro On-line\" \/>\n\t<meta name=\"twitter:label2\" content=\"Est. tempo de leitura\" \/>\n\t<meta name=\"twitter:data2\" content=\"8 minutos\" \/>\n<script type=\"application\/ld+json\" class=\"yoast-schema-graph\">{\"@context\":\"https:\/\/schema.org\",\"@graph\":[{\"@type\":\"WebPage\",\"@id\":\"https:\/\/futurofunsejem.org.br\/online\/nova-regra-de-r-5-mil-exige-atencao-dos-aposentados\/\",\"url\":\"https:\/\/futurofunsejem.org.br\/online\/nova-regra-de-r-5-mil-exige-atencao-dos-aposentados\/\",\"name\":\"IR: regra de R$ 5 mil, aten\u00e7\u00e3o dos aposentados! | Futuro On-line\",\"isPartOf\":{\"@id\":\"https:\/\/futurofunsejem.org.br\/online\/#website\"},\"datePublished\":\"2026-03-16T18:56:41+00:00\",\"dateModified\":\"2026-03-16T18:56:41+00:00\",\"author\":{\"@id\":\"https:\/\/futurofunsejem.org.br\/online\/#\/schema\/person\/e610ccd4d289071402e2ea074f8f3906\"},\"description\":\"A nova regra de redu\u00e7\u00e3o do Imposto de Renda (IR) para quem recebe at\u00e9 R$ 5 mil mensais n\u00e3o ter\u00e1 efeito na declara\u00e7\u00e3o de 2026.\",\"breadcrumb\":{\"@id\":\"https:\/\/futurofunsejem.org.br\/online\/nova-regra-de-r-5-mil-exige-atencao-dos-aposentados\/#breadcrumb\"},\"inLanguage\":\"pt-BR\",\"potentialAction\":[{\"@type\":\"ReadAction\",\"target\":[\"https:\/\/futurofunsejem.org.br\/online\/nova-regra-de-r-5-mil-exige-atencao-dos-aposentados\/\"]}]},{\"@type\":\"BreadcrumbList\",\"@id\":\"https:\/\/futurofunsejem.org.br\/online\/nova-regra-de-r-5-mil-exige-atencao-dos-aposentados\/#breadcrumb\",\"itemListElement\":[{\"@type\":\"ListItem\",\"position\":1,\"name\":\"In\u00edcio\",\"item\":\"https:\/\/futurofunsejem.org.br\/online\/\"},{\"@type\":\"ListItem\",\"position\":2,\"name\":\"Nova regra de R$ 5 mil exige aten\u00e7\u00e3o dos aposentados\"}]},{\"@type\":\"WebSite\",\"@id\":\"https:\/\/futurofunsejem.org.br\/online\/#website\",\"url\":\"https:\/\/futurofunsejem.org.br\/online\/\",\"name\":\"Futuro On-line\",\"description\":\"O jornal Futuro, informativo da Funsejem, \u00e9 uma publica\u00e7\u00e3o bimestral divulgada nas empresas da Votorantim, patrocinadoras da Funda\u00e7\u00e3o, e aos participantes autopatrocinados, vinculados e aposentados pelo plano.\",\"potentialAction\":[{\"@type\":\"SearchAction\",\"target\":{\"@type\":\"EntryPoint\",\"urlTemplate\":\"https:\/\/futurofunsejem.org.br\/online\/?s={search_term_string}\"},\"query-input\":\"required name=search_term_string\"}],\"inLanguage\":\"pt-BR\"},{\"@type\":\"Person\",\"@id\":\"https:\/\/futurofunsejem.org.br\/online\/#\/schema\/person\/e610ccd4d289071402e2ea074f8f3906\",\"name\":\"Futuro On-line\",\"image\":{\"@type\":\"ImageObject\",\"inLanguage\":\"pt-BR\",\"@id\":\"https:\/\/futurofunsejem.org.br\/online\/#\/schema\/person\/image\/\",\"url\":\"https:\/\/secure.gravatar.com\/avatar\/bc77d2036e11927570b7c9cd87e39b76289d226ab85a86b2cd39e426b1bcceca?s=96&d=mm&r=g\",\"contentUrl\":\"https:\/\/secure.gravatar.com\/avatar\/bc77d2036e11927570b7c9cd87e39b76289d226ab85a86b2cd39e426b1bcceca?s=96&d=mm&r=g\",\"caption\":\"Futuro On-line\"},\"url\":\"https:\/\/futurofunsejem.org.br\/online\/author\/arvoreazul\/\"}]}<\/script>\n<!-- \/ Yoast SEO plugin. -->","yoast_head_json":{"title":"IR: regra de R$ 5 mil, aten\u00e7\u00e3o dos aposentados! | Futuro On-line","description":"A nova regra de redu\u00e7\u00e3o do Imposto de Renda (IR) para quem recebe at\u00e9 R$ 5 mil mensais n\u00e3o ter\u00e1 efeito na declara\u00e7\u00e3o de 2026.","robots":{"index":"index","follow":"follow","max-snippet":"max-snippet:-1","max-image-preview":"max-image-preview:large","max-video-preview":"max-video-preview:-1"},"canonical":"https:\/\/futurofunsejem.org.br\/online\/nova-regra-de-r-5-mil-exige-atencao-dos-aposentados\/","og_locale":"pt_BR","og_type":"article","og_title":"IR: regra de R$ 5 mil, aten\u00e7\u00e3o dos aposentados! | Futuro On-line","og_description":"A nova regra de redu\u00e7\u00e3o do Imposto de Renda (IR) para quem recebe at\u00e9 R$ 5 mil mensais n\u00e3o ter\u00e1 efeito na declara\u00e7\u00e3o de 2026.","og_url":"https:\/\/futurofunsejem.org.br\/online\/nova-regra-de-r-5-mil-exige-atencao-dos-aposentados\/","og_site_name":"Futuro On-line","article_published_time":"2026-03-16T18:56:41+00:00","og_image":[{"width":1920,"height":1080,"url":"https:\/\/futurofunsejem.org.br\/online\/wp-content\/uploads\/2026\/03\/147-investimentos-1920x1080px-copy-1.jpg","type":"image\/jpeg"}],"author":"Futuro On-line","twitter_card":"summary_large_image","twitter_misc":{"Escrito por":"Futuro On-line","Est. tempo de leitura":"8 minutos"},"schema":{"@context":"https:\/\/schema.org","@graph":[{"@type":"WebPage","@id":"https:\/\/futurofunsejem.org.br\/online\/nova-regra-de-r-5-mil-exige-atencao-dos-aposentados\/","url":"https:\/\/futurofunsejem.org.br\/online\/nova-regra-de-r-5-mil-exige-atencao-dos-aposentados\/","name":"IR: regra de R$ 5 mil, aten\u00e7\u00e3o dos aposentados! | Futuro On-line","isPartOf":{"@id":"https:\/\/futurofunsejem.org.br\/online\/#website"},"datePublished":"2026-03-16T18:56:41+00:00","dateModified":"2026-03-16T18:56:41+00:00","author":{"@id":"https:\/\/futurofunsejem.org.br\/online\/#\/schema\/person\/e610ccd4d289071402e2ea074f8f3906"},"description":"A nova regra de redu\u00e7\u00e3o do Imposto de Renda (IR) para quem recebe at\u00e9 R$ 5 mil mensais n\u00e3o ter\u00e1 efeito na declara\u00e7\u00e3o de 2026.","breadcrumb":{"@id":"https:\/\/futurofunsejem.org.br\/online\/nova-regra-de-r-5-mil-exige-atencao-dos-aposentados\/#breadcrumb"},"inLanguage":"pt-BR","potentialAction":[{"@type":"ReadAction","target":["https:\/\/futurofunsejem.org.br\/online\/nova-regra-de-r-5-mil-exige-atencao-dos-aposentados\/"]}]},{"@type":"BreadcrumbList","@id":"https:\/\/futurofunsejem.org.br\/online\/nova-regra-de-r-5-mil-exige-atencao-dos-aposentados\/#breadcrumb","itemListElement":[{"@type":"ListItem","position":1,"name":"In\u00edcio","item":"https:\/\/futurofunsejem.org.br\/online\/"},{"@type":"ListItem","position":2,"name":"Nova regra de R$ 5 mil exige aten\u00e7\u00e3o dos aposentados"}]},{"@type":"WebSite","@id":"https:\/\/futurofunsejem.org.br\/online\/#website","url":"https:\/\/futurofunsejem.org.br\/online\/","name":"Futuro On-line","description":"O jornal Futuro, informativo da Funsejem, \u00e9 uma publica\u00e7\u00e3o bimestral divulgada nas empresas da Votorantim, patrocinadoras da Funda\u00e7\u00e3o, e aos participantes autopatrocinados, vinculados e aposentados pelo plano.","potentialAction":[{"@type":"SearchAction","target":{"@type":"EntryPoint","urlTemplate":"https:\/\/futurofunsejem.org.br\/online\/?s={search_term_string}"},"query-input":"required name=search_term_string"}],"inLanguage":"pt-BR"},{"@type":"Person","@id":"https:\/\/futurofunsejem.org.br\/online\/#\/schema\/person\/e610ccd4d289071402e2ea074f8f3906","name":"Futuro On-line","image":{"@type":"ImageObject","inLanguage":"pt-BR","@id":"https:\/\/futurofunsejem.org.br\/online\/#\/schema\/person\/image\/","url":"https:\/\/secure.gravatar.com\/avatar\/bc77d2036e11927570b7c9cd87e39b76289d226ab85a86b2cd39e426b1bcceca?s=96&d=mm&r=g","contentUrl":"https:\/\/secure.gravatar.com\/avatar\/bc77d2036e11927570b7c9cd87e39b76289d226ab85a86b2cd39e426b1bcceca?s=96&d=mm&r=g","caption":"Futuro On-line"},"url":"https:\/\/futurofunsejem.org.br\/online\/author\/arvoreazul\/"}]}},"_links":{"self":[{"href":"https:\/\/futurofunsejem.org.br\/online\/wp-json\/wp\/v2\/posts\/10766","targetHints":{"allow":["GET"]}}],"collection":[{"href":"https:\/\/futurofunsejem.org.br\/online\/wp-json\/wp\/v2\/posts"}],"about":[{"href":"https:\/\/futurofunsejem.org.br\/online\/wp-json\/wp\/v2\/types\/post"}],"author":[{"embeddable":true,"href":"https:\/\/futurofunsejem.org.br\/online\/wp-json\/wp\/v2\/users\/7"}],"replies":[{"embeddable":true,"href":"https:\/\/futurofunsejem.org.br\/online\/wp-json\/wp\/v2\/comments?post=10766"}],"version-history":[{"count":69,"href":"https:\/\/futurofunsejem.org.br\/online\/wp-json\/wp\/v2\/posts\/10766\/revisions"}],"predecessor-version":[{"id":10896,"href":"https:\/\/futurofunsejem.org.br\/online\/wp-json\/wp\/v2\/posts\/10766\/revisions\/10896"}],"wp:featuredmedia":[{"embeddable":true,"href":"https:\/\/futurofunsejem.org.br\/online\/wp-json\/wp\/v2\/media\/10894"}],"wp:attachment":[{"href":"https:\/\/futurofunsejem.org.br\/online\/wp-json\/wp\/v2\/media?parent=10766"}],"wp:term":[{"taxonomy":"category","embeddable":true,"href":"https:\/\/futurofunsejem.org.br\/online\/wp-json\/wp\/v2\/categories?post=10766"},{"taxonomy":"post_tag","embeddable":true,"href":"https:\/\/futurofunsejem.org.br\/online\/wp-json\/wp\/v2\/tags?post=10766"}],"curies":[{"name":"wp","href":"https:\/\/api.w.org\/{rel}","templated":true}]}}