{"id":1459,"date":"2020-11-11T08:00:41","date_gmt":"2020-11-11T10:00:41","guid":{"rendered":"https:\/\/futurofunsejem.org.br\/online\/?p=1459"},"modified":"2021-11-05T10:46:09","modified_gmt":"2021-11-05T13:46:09","slug":"adicional-de-fim-de-ano","status":"publish","type":"post","link":"https:\/\/futurofunsejem.org.br\/online\/adicional-de-fim-de-ano\/","title":{"rendered":"Adicional de fim de ano"},"content":{"rendered":"<section class=\"wpb-content-wrapper\"><p>[vc_row][vc_column][vc_column_text]O ano de 2020 est\u00e1 chegando ao fim, este momento \u00e9 ideal para fazer sua adicional de fim de ano e aumentar seu saldo, al\u00e9m de aproveitar ao m\u00e1ximo o incentivo fiscal que diminui seu imposto de renda no ano. Fazer um aporte extra \u00e9 muito simples. Voc\u00ea pode escolher por desconto em folha ou dep\u00f3sito na conta da Funsejem. Na primeira op\u00e7\u00e3o, basta procurar a \u00e1rea de DHO ou Gente de sua empresa. No caso de dep\u00f3sito, entre em contato com a Funda\u00e7\u00e3o para obter os dados necess\u00e1rios. Mas caso a contribui\u00e7\u00e3o seja sobre o 13\u00ba sal\u00e1rio, como a tributa\u00e7\u00e3o \u00e9 exclusiva, para aproveitar a dedu\u00e7\u00e3o fiscal sobre esta renda, \u00e9 preciso optar pela adicional via folha de pagamento.<\/p>\n<p>Fique atento para n\u00e3o perder o prazo. Verifique com a \u00e1rea de DHO ou Gente de sua empresa as datas em que fecham as folhas do sal\u00e1rio de dezembro, e a do 13\u00ba, caso queira fazer por desconto. J\u00e1 a adicional por dep\u00f3sito pode ser feita at\u00e9 28\/12.[\/vc_column_text][\/vc_column][\/vc_row][vc_row][vc_column][mvc_infobox info_style=&#8221;mega_info_box_2&#8243; info_opt=&#8221;show_icon&#8221; icon_size=&#8221;30&#8243; icon_height=&#8221;30&#8243; title_color=&#8221;#000000&#8243; font_icon=&#8221;fa fa-exclamation-circle&#8221; icon_color=&#8221;#81d742&#8243;]<\/p>\n<h4><strong>Incentivo fiscal<\/strong><\/h4>\n<p>[\/mvc_infobox][vc_column_text]Quem preenche o modelo completo de declara\u00e7\u00e3o de IR, e investe no plano de aposentadoria, pode deduzir at\u00e9 12% da renda bruta anual, da base de c\u00e1lculo do imposto. No modelo simples, as dedu\u00e7\u00f5es relativas \u00e0 previd\u00eancia privada fazem parte do desconto-padr\u00e3o de 20%.[\/vc_column_text][\/vc_column][\/vc_row][vc_row css=&#8221;.vc_custom_1602875732828{margin-top: 10px !important;margin-right: 10px !important;margin-bottom: 10px !important;margin-left: 10px !important;padding-top: 20px !important;padding-right: 10px !important;padding-bottom: 20px !important;padding-left: 10px !important;background-color: rgba(149,170,191,0.4) !important;*background-color: rgb(149,170,191) !important;}&#8221;][vc_column][mvc_infobox info_style=&#8221;mega_info_box_2&#8243; info_opt=&#8221;show_icon&#8221; icon_size=&#8221;30&#8243; icon_height=&#8221;30&#8243; title_color=&#8221;#000000&#8243; font_icon=&#8221;fa fa-area-chart&#8221; icon_color=&#8221;#112d63&#8243;]<\/p>\n<h4><strong>Adicional a qualquer momento<\/strong><\/h4>\n<p>[\/mvc_infobox][vc_column_text]Em qualquer per\u00edodo do ano, a contribui\u00e7\u00e3o adicional sempre \u00e9 importante para o crescimento de seu saldo, ela far\u00e1 uma enorme diferen\u00e7a na sua poupan\u00e7a futura. Pense nisso.[\/vc_column_text][\/vc_column][\/vc_row][vc_row][vc_column][vc_empty_space][\/vc_column][\/vc_row]<\/p>\n<\/section>","protected":false},"excerpt":{"rendered":"<p>Fa\u00e7a um aporte e aproveite o incentivo fiscal para diminuir o imposto de renda.<\/p>\n","protected":false},"author":7,"featured_media":1859,"comment_status":"open","ping_status":"open","sticky":false,"template":"","format":"standard","meta":{"footnotes":""},"categories":[18,76,61,17],"tags":[75],"class_list":["post-1459","post","type-post","status-publish","format-standard","has-post-thumbnail","hentry","category-dia-a-dia-da-fundacao","category-edicao-115","category-post-grid","category-voce-funsejem","tag-privacidade"],"acf":[],"yoast_head":"<!-- This site is optimized with the Yoast SEO plugin v20.8 - https:\/\/yoast.com\/wordpress\/plugins\/seo\/ -->\n<title>Adicional de fim de ano: aumente seu saldo | Futuro On-line<\/title>\n<meta name=\"description\" content=\"Adicional de fim de ano: aumente seu saldo na Funsejem e aproveite ao m\u00e1ximo o incentivo fiscal para diminuir o imposto de renda no ano.\" \/>\n<meta name=\"robots\" content=\"index, follow, max-snippet:-1, max-image-preview:large, max-video-preview:-1\" \/>\n<link rel=\"canonical\" href=\"https:\/\/futurofunsejem.org.br\/online\/adicional-de-fim-de-ano\/\" \/>\n<meta property=\"og:locale\" content=\"pt_BR\" \/>\n<meta property=\"og:type\" content=\"article\" \/>\n<meta property=\"og:title\" content=\"Adicional de fim de ano: aumente seu saldo | Futuro On-line\" \/>\n<meta property=\"og:description\" content=\"Adicional de fim de ano: aumente seu saldo na Funsejem e aproveite ao m\u00e1ximo o incentivo fiscal para diminuir o imposto de renda no ano.\" \/>\n<meta property=\"og:url\" content=\"https:\/\/futurofunsejem.org.br\/online\/adicional-de-fim-de-ano\/\" \/>\n<meta property=\"og:site_name\" content=\"Futuro On-line\" \/>\n<meta property=\"article:published_time\" content=\"2020-11-11T10:00:41+00:00\" \/>\n<meta property=\"article:modified_time\" content=\"2021-11-05T13:46:09+00:00\" \/>\n<meta property=\"og:image\" content=\"https:\/\/futurofunsejem.org.br\/online\/wp-content\/uploads\/2020\/11\/115-adcfimdeano-1920x1080px.jpg\" \/>\n\t<meta property=\"og:image:width\" content=\"1920\" \/>\n\t<meta property=\"og:image:height\" content=\"1080\" \/>\n\t<meta property=\"og:image:type\" content=\"image\/jpeg\" \/>\n<meta name=\"author\" content=\"Futuro On-line\" \/>\n<meta name=\"twitter:card\" content=\"summary_large_image\" \/>\n<meta name=\"twitter:label1\" content=\"Escrito por\" \/>\n\t<meta name=\"twitter:data1\" content=\"Futuro On-line\" \/>\n\t<meta name=\"twitter:label2\" content=\"Est. tempo de leitura\" \/>\n\t<meta name=\"twitter:data2\" content=\"2 minutos\" \/>\n<script type=\"application\/ld+json\" class=\"yoast-schema-graph\">{\"@context\":\"https:\/\/schema.org\",\"@graph\":[{\"@type\":\"WebPage\",\"@id\":\"https:\/\/futurofunsejem.org.br\/online\/adicional-de-fim-de-ano\/\",\"url\":\"https:\/\/futurofunsejem.org.br\/online\/adicional-de-fim-de-ano\/\",\"name\":\"Adicional de fim de ano: aumente seu saldo | Futuro On-line\",\"isPartOf\":{\"@id\":\"https:\/\/futurofunsejem.org.br\/online\/#website\"},\"datePublished\":\"2020-11-11T10:00:41+00:00\",\"dateModified\":\"2021-11-05T13:46:09+00:00\",\"author\":{\"@id\":\"https:\/\/futurofunsejem.org.br\/online\/#\/schema\/person\/e610ccd4d289071402e2ea074f8f3906\"},\"description\":\"Adicional de fim de ano: aumente seu saldo na Funsejem e aproveite ao m\u00e1ximo o incentivo fiscal para diminuir o imposto de renda no ano.\",\"breadcrumb\":{\"@id\":\"https:\/\/futurofunsejem.org.br\/online\/adicional-de-fim-de-ano\/#breadcrumb\"},\"inLanguage\":\"pt-BR\",\"potentialAction\":[{\"@type\":\"ReadAction\",\"target\":[\"https:\/\/futurofunsejem.org.br\/online\/adicional-de-fim-de-ano\/\"]}]},{\"@type\":\"BreadcrumbList\",\"@id\":\"https:\/\/futurofunsejem.org.br\/online\/adicional-de-fim-de-ano\/#breadcrumb\",\"itemListElement\":[{\"@type\":\"ListItem\",\"position\":1,\"name\":\"In\u00edcio\",\"item\":\"https:\/\/futurofunsejem.org.br\/online\/\"},{\"@type\":\"ListItem\",\"position\":2,\"name\":\"Adicional de fim de ano\"}]},{\"@type\":\"WebSite\",\"@id\":\"https:\/\/futurofunsejem.org.br\/online\/#website\",\"url\":\"https:\/\/futurofunsejem.org.br\/online\/\",\"name\":\"Futuro On-line\",\"description\":\"O jornal Futuro, informativo da Funsejem, \u00e9 uma publica\u00e7\u00e3o bimestral divulgada nas empresas da Votorantim, patrocinadoras da Funda\u00e7\u00e3o, e aos participantes autopatrocinados, vinculados e aposentados pelo plano.\",\"potentialAction\":[{\"@type\":\"SearchAction\",\"target\":{\"@type\":\"EntryPoint\",\"urlTemplate\":\"https:\/\/futurofunsejem.org.br\/online\/?s={search_term_string}\"},\"query-input\":\"required name=search_term_string\"}],\"inLanguage\":\"pt-BR\"},{\"@type\":\"Person\",\"@id\":\"https:\/\/futurofunsejem.org.br\/online\/#\/schema\/person\/e610ccd4d289071402e2ea074f8f3906\",\"name\":\"Futuro On-line\",\"image\":{\"@type\":\"ImageObject\",\"inLanguage\":\"pt-BR\",\"@id\":\"https:\/\/futurofunsejem.org.br\/online\/#\/schema\/person\/image\/\",\"url\":\"https:\/\/secure.gravatar.com\/avatar\/bc77d2036e11927570b7c9cd87e39b76289d226ab85a86b2cd39e426b1bcceca?s=96&d=mm&r=g\",\"contentUrl\":\"https:\/\/secure.gravatar.com\/avatar\/bc77d2036e11927570b7c9cd87e39b76289d226ab85a86b2cd39e426b1bcceca?s=96&d=mm&r=g\",\"caption\":\"Futuro On-line\"},\"url\":\"https:\/\/futurofunsejem.org.br\/online\/author\/arvoreazul\/\"}]}<\/script>\n<!-- \/ Yoast SEO plugin. -->","yoast_head_json":{"title":"Adicional de fim de ano: aumente seu saldo | Futuro On-line","description":"Adicional de fim de ano: aumente seu saldo na Funsejem e aproveite ao m\u00e1ximo o incentivo fiscal para diminuir o imposto de renda no ano.","robots":{"index":"index","follow":"follow","max-snippet":"max-snippet:-1","max-image-preview":"max-image-preview:large","max-video-preview":"max-video-preview:-1"},"canonical":"https:\/\/futurofunsejem.org.br\/online\/adicional-de-fim-de-ano\/","og_locale":"pt_BR","og_type":"article","og_title":"Adicional de fim de ano: aumente seu saldo | Futuro On-line","og_description":"Adicional de fim de ano: aumente seu saldo na Funsejem e aproveite ao m\u00e1ximo o incentivo fiscal para diminuir o imposto de renda no ano.","og_url":"https:\/\/futurofunsejem.org.br\/online\/adicional-de-fim-de-ano\/","og_site_name":"Futuro On-line","article_published_time":"2020-11-11T10:00:41+00:00","article_modified_time":"2021-11-05T13:46:09+00:00","og_image":[{"width":1920,"height":1080,"url":"https:\/\/futurofunsejem.org.br\/online\/wp-content\/uploads\/2020\/11\/115-adcfimdeano-1920x1080px.jpg","type":"image\/jpeg"}],"author":"Futuro On-line","twitter_card":"summary_large_image","twitter_misc":{"Escrito por":"Futuro On-line","Est. tempo de leitura":"2 minutos"},"schema":{"@context":"https:\/\/schema.org","@graph":[{"@type":"WebPage","@id":"https:\/\/futurofunsejem.org.br\/online\/adicional-de-fim-de-ano\/","url":"https:\/\/futurofunsejem.org.br\/online\/adicional-de-fim-de-ano\/","name":"Adicional de fim de ano: aumente seu saldo | Futuro On-line","isPartOf":{"@id":"https:\/\/futurofunsejem.org.br\/online\/#website"},"datePublished":"2020-11-11T10:00:41+00:00","dateModified":"2021-11-05T13:46:09+00:00","author":{"@id":"https:\/\/futurofunsejem.org.br\/online\/#\/schema\/person\/e610ccd4d289071402e2ea074f8f3906"},"description":"Adicional de fim de ano: aumente seu saldo na Funsejem e aproveite ao m\u00e1ximo o incentivo fiscal para diminuir o imposto de renda no ano.","breadcrumb":{"@id":"https:\/\/futurofunsejem.org.br\/online\/adicional-de-fim-de-ano\/#breadcrumb"},"inLanguage":"pt-BR","potentialAction":[{"@type":"ReadAction","target":["https:\/\/futurofunsejem.org.br\/online\/adicional-de-fim-de-ano\/"]}]},{"@type":"BreadcrumbList","@id":"https:\/\/futurofunsejem.org.br\/online\/adicional-de-fim-de-ano\/#breadcrumb","itemListElement":[{"@type":"ListItem","position":1,"name":"In\u00edcio","item":"https:\/\/futurofunsejem.org.br\/online\/"},{"@type":"ListItem","position":2,"name":"Adicional de fim de ano"}]},{"@type":"WebSite","@id":"https:\/\/futurofunsejem.org.br\/online\/#website","url":"https:\/\/futurofunsejem.org.br\/online\/","name":"Futuro On-line","description":"O jornal Futuro, informativo da Funsejem, \u00e9 uma publica\u00e7\u00e3o bimestral divulgada nas empresas da Votorantim, patrocinadoras da Funda\u00e7\u00e3o, e aos participantes autopatrocinados, vinculados e aposentados pelo plano.","potentialAction":[{"@type":"SearchAction","target":{"@type":"EntryPoint","urlTemplate":"https:\/\/futurofunsejem.org.br\/online\/?s={search_term_string}"},"query-input":"required name=search_term_string"}],"inLanguage":"pt-BR"},{"@type":"Person","@id":"https:\/\/futurofunsejem.org.br\/online\/#\/schema\/person\/e610ccd4d289071402e2ea074f8f3906","name":"Futuro On-line","image":{"@type":"ImageObject","inLanguage":"pt-BR","@id":"https:\/\/futurofunsejem.org.br\/online\/#\/schema\/person\/image\/","url":"https:\/\/secure.gravatar.com\/avatar\/bc77d2036e11927570b7c9cd87e39b76289d226ab85a86b2cd39e426b1bcceca?s=96&d=mm&r=g","contentUrl":"https:\/\/secure.gravatar.com\/avatar\/bc77d2036e11927570b7c9cd87e39b76289d226ab85a86b2cd39e426b1bcceca?s=96&d=mm&r=g","caption":"Futuro On-line"},"url":"https:\/\/futurofunsejem.org.br\/online\/author\/arvoreazul\/"}]}},"_links":{"self":[{"href":"https:\/\/futurofunsejem.org.br\/online\/wp-json\/wp\/v2\/posts\/1459","targetHints":{"allow":["GET"]}}],"collection":[{"href":"https:\/\/futurofunsejem.org.br\/online\/wp-json\/wp\/v2\/posts"}],"about":[{"href":"https:\/\/futurofunsejem.org.br\/online\/wp-json\/wp\/v2\/types\/post"}],"author":[{"embeddable":true,"href":"https:\/\/futurofunsejem.org.br\/online\/wp-json\/wp\/v2\/users\/7"}],"replies":[{"embeddable":true,"href":"https:\/\/futurofunsejem.org.br\/online\/wp-json\/wp\/v2\/comments?post=1459"}],"version-history":[{"count":10,"href":"https:\/\/futurofunsejem.org.br\/online\/wp-json\/wp\/v2\/posts\/1459\/revisions"}],"predecessor-version":[{"id":1747,"href":"https:\/\/futurofunsejem.org.br\/online\/wp-json\/wp\/v2\/posts\/1459\/revisions\/1747"}],"wp:featuredmedia":[{"embeddable":true,"href":"https:\/\/futurofunsejem.org.br\/online\/wp-json\/wp\/v2\/media\/1859"}],"wp:attachment":[{"href":"https:\/\/futurofunsejem.org.br\/online\/wp-json\/wp\/v2\/media?parent=1459"}],"wp:term":[{"taxonomy":"category","embeddable":true,"href":"https:\/\/futurofunsejem.org.br\/online\/wp-json\/wp\/v2\/categories?post=1459"},{"taxonomy":"post_tag","embeddable":true,"href":"https:\/\/futurofunsejem.org.br\/online\/wp-json\/wp\/v2\/tags?post=1459"}],"curies":[{"name":"wp","href":"https:\/\/api.w.org\/{rel}","templated":true}]}}