{"id":4431,"date":"2022-05-13T09:00:36","date_gmt":"2022-05-13T12:00:36","guid":{"rendered":"https:\/\/futurofunsejem.org.br\/online\/?p=4431"},"modified":"2022-07-07T11:30:35","modified_gmt":"2022-07-07T14:30:35","slug":"relatorio-anual-2021","status":"publish","type":"post","link":"https:\/\/futurofunsejem.org.br\/online\/relatorio-anual-2021\/","title":{"rendered":"Relat\u00f3rio Anual 2021: Investimentos Resilientes"},"content":{"rendered":"<section class=\"wpb-content-wrapper\"><p>[vc_row][vc_column][vc_column_text]Em abril, a Funsejem divulgou o Relat\u00f3rio Anual 2021. Este documento vai al\u00e9m da gest\u00e3o dos nossos planos de benef\u00edcios, traz a\u00e7\u00f5es efetivadas pela Funda\u00e7\u00e3o que demostraram resili\u00eancia e estrutura para enfrentar um ano t\u00e3o delicado como o que passou. O relat\u00f3rio contempla dados sobre patrim\u00f4nio, pareceres atuariais, demonstra\u00e7\u00f5es financeiras por plano, pol\u00edtica de investimento, mas tamb\u00e9m apresenta pr\u00e1ticas de comunica\u00e7\u00e3o e relacionamento com o participante, gest\u00e3o financeira, governan\u00e7a e gest\u00e3o de pessoas, dentre outras informa\u00e7\u00f5es.<\/p>\n<p>O documento completo que est\u00e1 dispon\u00edvel para leitura no <a href=\"https:\/\/www.funsejem.org.br\/upload_arquivos\/2022\/04\/2022040299464001651242749.pdf\" target=\"_blank\" rel=\"noopener\">site<\/a> da Funda\u00e7\u00e3o \u00e9 uma importante ferramenta para voc\u00ea acompanhar as realiza\u00e7\u00f5es da Funsejem sobre seu plano de benef\u00edcios. Acompanhe abaixo um breve resumo.[\/vc_column_text][vc_empty_space][\/vc_column][\/vc_row][vc_row][vc_column][vc_column_text]<\/p>\n<h4><strong>Desempenho dos Planos<\/strong><\/h4>\n<p>[\/vc_column_text][vc_empty_space][vc_column_text]<\/p>\n<h6><strong>Votorantim Prev <\/strong><\/h6>\n<p>Em 2021, houve uma redu\u00e7\u00e3o do patrim\u00f4nio consolidado de 3%, devido \u00e0 retirada de patroc\u00ednio da Suzano, Portocel, e empresas Fibria. Os participantes ativos ligados a elas sacaram ou transferiram seus respectivos saldos a outros planos.[\/vc_column_text][vc_empty_space height=&#8221;15px&#8221;][info_list_father][info_list_son style=&#8221;icon&#8221; size=&#8221;10&#8243; width=&#8221;10&#8243; height=&#8221;10&#8243; borderstyle=&#8221;inset&#8221; radius=&#8221;0&#8243; titleclr=&#8221;#000000&#8243; connector_h=&#8221;10&#8243; listwidth=&#8221;0&#8243; icon=&#8221;fa fa-circle&#8221; iconclr=&#8221;#000000&#8243;]14.943 participantes[\/info_list_son][info_list_son style=&#8221;icon&#8221; size=&#8221;10&#8243; width=&#8221;10&#8243; height=&#8221;10&#8243; titleclr=&#8221;#000000&#8243; icon=&#8221;fa fa-circle&#8221; iconclr=&#8221;#000000&#8243;]95% de sua popula\u00e7\u00e3o em fase de forma\u00e7\u00e3o da poupan\u00e7a previdenci\u00e1ria[\/info_list_son][\/info_list_father][vc_empty_space height=&#8221;15px&#8221;][vc_single_image image=&#8221;4475&#8243; img_size=&#8221;full&#8221;][vc_empty_space][vc_column_text]<\/p>\n<h6><strong>VCNE<\/strong><\/h6>\n<p>O plano manteve-se est\u00e1vel em 2021, obtendo uma varia\u00e7\u00e3o positiva de 3% em seu patrim\u00f4nio social.[\/vc_column_text][vc_empty_space height=&#8221;15px&#8221;][info_list_father][info_list_son style=&#8221;icon&#8221; size=&#8221;10&#8243; width=&#8221;10&#8243; height=&#8221;10&#8243; borderstyle=&#8221;inset&#8221; radius=&#8221;0&#8243; titleclr=&#8221;#000000&#8243; connector_h=&#8221;10&#8243; listwidth=&#8221;0&#8243; icon=&#8221;fa fa-circle&#8221; iconclr=&#8221;#000000&#8243;]178 participantes[\/info_list_son][info_list_son style=&#8221;icon&#8221; size=&#8221;10&#8243; width=&#8221;10&#8243; height=&#8221;10&#8243; titleclr=&#8221;#000000&#8243; icon=&#8221;fa fa-circle&#8221; iconclr=&#8221;#000000&#8243;]42% da popula\u00e7\u00e3o recebe aposentadoria e pens\u00e3o[\/info_list_son][\/info_list_father][vc_empty_space height=&#8221;15px&#8221;][vc_single_image image=&#8221;4476&#8243; img_size=&#8221;full&#8221;][vc_column_text]<em>No Relat\u00f3rio Anual, voc\u00ea encontra a varia\u00e7\u00e3o patrimonial dos quadros acima em Demonstra\u00e7\u00e3o da Muta\u00e7\u00e3o do Ativo L\u00edquido<\/em>[\/vc_column_text][vc_empty_space][vc_column_text]<\/p>\n<h4><strong>Perfis de Investimento<\/strong><\/h4>\n<p>O conservador foi o perfil de investimento de maior retorno em 2021, e fechou o ano com 4,76%, j\u00e1 que aplica quase 100% dos recursos nos pap\u00e9is de renda fixa que acompanham a varia\u00e7\u00e3o do CDI. Estes pap\u00e9is, que refletem os juros b\u00e1sicos da economia (taxa Selic), tiveram melhor rendimento em virtude dos aumentos promovidos pelo Comit\u00ea de Pol\u00edtica Monet\u00e1ria. No primeiro ano da pandemia, com a Selic na faixa de 2%, estes pap\u00e9is renderam 2,74%. J\u00e1 em 2021, eles fecharam em 4,43%.<\/p>\n<p>Os perfis de investimentos mais agressivos apresentaram rentabilidades inferiores, pois os ativos de maior risco nos quais aplicam tiveram retornos negativos. No mercado financeiro, os principais \u00edndices de a\u00e7\u00f5es da B3, investimento de alto risco, fecharam 2021 de forma negativa, com -11,17% no IBrX, refer\u00eancia de ganho para as carteiras de renda vari\u00e1vel dos perfis agressivos dos planos da Funsejem. J\u00e1 os t\u00edtulos longos de infla\u00e7\u00e3o com vencimento superior a 5 anos (IMAB 5+) tamb\u00e9m acumularam resultado negativo, -6,55%. Nesse cen\u00e1rio, no acumulado do ano o moderado rendeu 2,66%, o agressivo -0,43%, e o superagressivo -3,32%.[\/vc_column_text][vc_empty_space][vc_column_text]<\/p>\n<h4><strong>Desempenho Geral<\/strong><\/h4>\n<p>[\/vc_column_text][vc_empty_space height=&#8221;15px&#8221;][\/vc_column][\/vc_row][vc_row][vc_column width=&#8221;1\/4&#8243;][vc_single_image image=&#8221;4489&#8243; img_size=&#8221;full&#8221;][\/vc_column][vc_column width=&#8221;3\/4&#8243;][vc_column_text]<strong>R$ 81,965 <\/strong>milh\u00f5es arrecadados em <strong>contribui\u00e7\u00f5es<\/strong> de participantes e patrocinadoras[\/vc_column_text][\/vc_column][\/vc_row][vc_row][vc_column width=&#8221;1\/4&#8243;][vc_single_image image=&#8221;4491&#8243; img_size=&#8221;full&#8221;][\/vc_column][vc_column width=&#8221;3\/4&#8243;][vc_column_text]<strong>R$ 181,015 <\/strong>milh\u00f5es concedidos em <strong>benef\u00edcios, resgates e portabilidades<\/strong>[\/vc_column_text][\/vc_column][\/vc_row][vc_row][vc_column width=&#8221;1\/4&#8243;][vc_single_image image=&#8221;4492&#8243; img_size=&#8221;full&#8221;][\/vc_column][vc_column width=&#8221;3\/4&#8243;][vc_column_text]<strong>R$<\/strong> <strong>1,721<\/strong> bilh\u00e3o foi o valor da <strong>carteira de investimentos<\/strong>, aplicada principalmente em fundos, t\u00edtulos p\u00fablicos e privados[\/vc_column_text][\/vc_column][\/vc_row][vc_row][vc_column width=&#8221;1\/4&#8243;][vc_single_image image=&#8221;4493&#8243; img_size=&#8221;full&#8221;][\/vc_column][vc_column width=&#8221;3\/4&#8243;][vc_column_text]<strong>R$ 12,455<\/strong> milh\u00f5es de <strong>empr\u00e9stimos concedidos<\/strong> a participantes ativos e assistidos[\/vc_column_text][\/vc_column][\/vc_row][vc_row][vc_column width=&#8221;1\/4&#8243;][vc_single_image image=&#8221;4494&#8243; img_size=&#8221;full&#8221;][\/vc_column][vc_column width=&#8221;3\/4&#8243;][vc_column_text]<strong>R$ 4.355 <\/strong>foi a <strong>renda m\u00e9dia<\/strong> paga em aposentadoria, pens\u00e3o, benef\u00edcio mensal de invalidez[\/vc_column_text][\/vc_column][\/vc_row][vc_row][vc_column width=&#8221;1\/4&#8243;][\/vc_column][vc_column width=&#8221;3\/4&#8243;][vc_empty_space][\/vc_column][\/vc_row][vc_row][vc_column width=&#8221;3\/4&#8243;][vc_column_text]<\/p>\n<h4><strong>Funsejem e Voc\u00ea<\/strong><\/h4>\n<p>[\/vc_column_text][vc_empty_space height=&#8221;15px&#8221;][info_list_father][info_list_son style=&#8221;icon&#8221; size=&#8221;10&#8243; width=&#8221;10&#8243; height=&#8221;10&#8243; borderstyle=&#8221;inset&#8221; radius=&#8221;0&#8243; titleclr=&#8221;#000000&#8243; connector_h=&#8221;10&#8243; listwidth=&#8221;0&#8243; icon=&#8221;fa fa-circle&#8221; iconclr=&#8221;#000000&#8243;]Lan\u00e7amento do<strong> novo site do participante<\/strong>, em um formato responsivo, facilitando a navega\u00e7\u00e3o por diversos dispositivos eletr\u00f4nicos, como celulares e tablets.[\/info_list_son][info_list_son style=&#8221;icon&#8221; size=&#8221;10&#8243; width=&#8221;10&#8243; height=&#8221;10&#8243; titleclr=&#8221;#000000&#8243; listwidth=&#8221;0&#8243; icon=&#8221;fa fa-circle&#8221; iconclr=&#8221;#000000&#8243;]Lan\u00e7amento do <strong>Podcast Funsejem<\/strong>: foram 4 epis\u00f3dios em 2021, com temas das elei\u00e7\u00f5es dos Conselhos, cen\u00e1rio econ\u00f4mico, investimentos e li\u00e7\u00f5es financeiras.[\/info_list_son][info_list_son style=&#8221;icon&#8221; size=&#8221;10&#8243; width=&#8221;10&#8243; height=&#8221;10&#8243; titleclr=&#8221;#000000&#8243; listwidth=&#8221;0&#8243; icon=&#8221;fa fa-circle&#8221; iconclr=&#8221;#000000&#8243;]<strong>8.400 atendimentos <\/strong>prestados via Fale Conosco do site para orienta\u00e7\u00f5es aos participantes e aposentados.[\/info_list_son][info_list_son style=&#8221;icon&#8221; size=&#8221;10&#8243; width=&#8221;10&#8243; height=&#8221;10&#8243; titleclr=&#8221;#000000&#8243; listwidth=&#8221;0&#8243; icon=&#8221;fa fa-circle&#8221; iconclr=&#8221;#000000&#8243;]<strong>Atendimento 100% digital<\/strong>: com a pandemia, a Funsejem passou a atender os participantes exclusivamente por telefone e e-mail, al\u00e9m de aceitar o envio de documentos e formul\u00e1rios via e-mail.[\/info_list_son][info_list_son style=&#8221;icon&#8221; size=&#8221;10&#8243; width=&#8221;10&#8243; height=&#8221;10&#8243; titleclr=&#8221;#000000&#8243; listwidth=&#8221;0&#8243; icon=&#8221;fa fa-circle&#8221; iconclr=&#8221;#000000&#8243;]<strong>Mais de 8 mil<\/strong> participantes receberam SMS com informa\u00e7\u00f5es diversas sobre o plano.[\/info_list_son][\/info_list_father][\/vc_column][vc_column width=&#8221;1\/4&#8243;][vc_single_image image=&#8221;4479&#8243; img_size=&#8221;full&#8221;][\/vc_column][\/vc_row][vc_row][vc_column width=&#8221;1\/4&#8243;][vc_single_image image=&#8221;4481&#8243; img_size=&#8221;full&#8221;][\/vc_column][vc_column width=&#8221;3\/4&#8243;][vc_column_text]<\/p>\n<h4><strong>Governan\u00e7a e Gest\u00e3o de Pessoas<\/strong><\/h4>\n<p>[\/vc_column_text][vc_empty_space height=&#8221;15px&#8221;][info_list_father][info_list_son style=&#8221;icon&#8221; size=&#8221;10&#8243; width=&#8221;10&#8243; height=&#8221;10&#8243; borderstyle=&#8221;inset&#8221; radius=&#8221;0&#8243; titleclr=&#8221;#000000&#8243; connector_h=&#8221;10&#8243; listwidth=&#8221;0&#8243; icon=&#8221;fa fa-circle&#8221; iconclr=&#8221;#000000&#8243;]Implanta\u00e7\u00e3o do novo <strong>sistema de gest\u00e3o do plano de previd\u00eancia <\/strong>que contempla melhorias nos processos da entidade.[\/info_list_son][info_list_son style=&#8221;icon&#8221; size=&#8221;10&#8243; width=&#8221;10&#8243; height=&#8221;10&#8243; titleclr=&#8221;#000000&#8243; listwidth=&#8221;0&#8243; icon=&#8221;fa fa-circle&#8221; iconclr=&#8221;#000000&#8243;]A entidade passou por <strong>auditorias<\/strong> externa e interna, contratou servi\u00e7os de <strong>consultoria<\/strong>, iniciou um novo ciclo de <strong>avalia\u00e7\u00e3o de riscos<\/strong>, desenvolveu e atualizou quase 20 <strong>pol\u00edticas e manuais<\/strong> internos, com foco no atendimento \u00e0s obriga\u00e7\u00f5es legais.[\/info_list_son][info_list_son style=&#8221;icon&#8221; size=&#8221;10&#8243; width=&#8221;10&#8243; height=&#8221;10&#8243; titleclr=&#8221;#000000&#8243; listwidth=&#8221;0&#8243; icon=&#8221;fa fa-circle&#8221; iconclr=&#8221;#000000&#8243;]A <strong>equipe administrativa da Funsejem<\/strong> participou de <strong>eventos e treinamentos de capacita\u00e7\u00e3o<\/strong> para manter-se atualizada, em conson\u00e2ncia \u00e0s normas legais, e aos avan\u00e7as do segmento de previd\u00eancia complementar.[\/info_list_son][info_list_son style=&#8221;icon&#8221; size=&#8221;10&#8243; width=&#8221;10&#8243; height=&#8221;10&#8243; titleclr=&#8221;#000000&#8243; listwidth=&#8221;0&#8243; icon=&#8221;fa fa-circle&#8221; iconclr=&#8221;#000000&#8243;]<strong>80%<\/strong> da Diretoria Executiva e Conselho Deliberativo est\u00e3o certificados.[\/info_list_son][info_list_son style=&#8221;icon&#8221; size=&#8221;10&#8243; width=&#8221;10&#8243; height=&#8221;10&#8243; titleclr=&#8221;#000000&#8243; listwidth=&#8221;0&#8243; icon=&#8221;fa fa-circle&#8221; iconclr=&#8221;#000000&#8243;]Extens\u00e3o do<strong> e-learning Votorantim Prev <\/strong>\u00e0s plataformas de ensino das empresas patrocinadoras destinado aos profissionais de DHOs e Gente.[\/info_list_son][\/info_list_father][\/vc_column][\/vc_row][vc_row css=&#8221;.vc_custom_1651800647414{padding-top: 10px !important;padding-bottom: 10px !important;background-color: #e29e00 !important;}&#8221;][vc_column width=&#8221;2\/3&#8243;][vc_empty_space height=&#8221;20px&#8221;][vc_column_text]<\/p>\n<h4><span style=\"color: #ffffff;\"><strong>Saiba Mais<\/strong><\/span><\/h4>\n<p><span style=\"color: #ffffff;\">Esse foi apenas um breve resumo do conte\u00fado do Relat\u00f3rio Anual 2021. Para acessar o documento completo <a style=\"color: #ffffff;\" href=\"https:\/\/www.funsejem.org.br\/upload_arquivos\/2022\/04\/2022040299464001651242749.pdf\" target=\"_blank\" rel=\"noopener\">clique aqui<\/a>. Vamos cuidar juntos do nosso futuro!<\/span>[\/vc_column_text][vc_empty_space height=&#8221;20px&#8221;][\/vc_column][vc_column width=&#8221;1\/3&#8243;][vc_empty_space height=&#8221;20px&#8221;][vc_single_image image=&#8221;4482&#8243; img_size=&#8221;full&#8221;][\/vc_column][\/vc_row]<\/p>\n<\/section>","protected":false},"excerpt":{"rendered":"<p>Confira as realiza\u00e7\u00f5es da Funsejem sobre seu plano de benef\u00edcios em 2021.<\/p>\n","protected":false},"author":7,"featured_media":4662,"comment_status":"open","ping_status":"open","sticky":false,"template":"","format":"standard","meta":{"footnotes":""},"categories":[18,91,61,17],"tags":[30,43,13,67,65,14,58,35,55,57,84,54,74],"class_list":["post-4431","post","type-post","status-publish","format-standard","has-post-thumbnail","hentry","category-dia-a-dia-da-fundacao","category-edicao-124","category-post-grid","category-voce-funsejem","tag-contribuicao","tag-economia","tag-educacao-financeira","tag-em-casa","tag-gestao","tag-investimentos","tag-mercado","tag-numeros","tag-participantes","tag-pensionistas","tag-podcast-funsejem","tag-previdencia","tag-tributacao"],"acf":[],"yoast_head":"<!-- This site is optimized with the Yoast SEO plugin v20.8 - https:\/\/yoast.com\/wordpress\/plugins\/seo\/ -->\n<title>Relat\u00f3rio Anual da Funsejem 2021 | Futuro On-line<\/title>\n<meta name=\"description\" content=\"O Relat\u00f3rio Anual da Funsejem 2021 contempla dados sobre patrim\u00f4nio, demonstra\u00e7\u00f5es financeiras por plano, al\u00e9m de pr\u00e1ticas de comunica\u00e7\u00e3o e relacionamento com o participante.\" \/>\n<meta name=\"robots\" content=\"index, follow, max-snippet:-1, max-image-preview:large, max-video-preview:-1\" \/>\n<link rel=\"canonical\" href=\"https:\/\/futurofunsejem.org.br\/online\/relatorio-anual-2021\/\" \/>\n<meta property=\"og:locale\" content=\"pt_BR\" \/>\n<meta property=\"og:type\" content=\"article\" \/>\n<meta property=\"og:title\" content=\"Relat\u00f3rio Anual da Funsejem 2021 | Futuro On-line\" \/>\n<meta property=\"og:description\" content=\"O Relat\u00f3rio Anual da Funsejem 2021 contempla dados sobre patrim\u00f4nio, demonstra\u00e7\u00f5es financeiras por plano, al\u00e9m de pr\u00e1ticas de comunica\u00e7\u00e3o e relacionamento com o participante.\" \/>\n<meta property=\"og:url\" content=\"https:\/\/futurofunsejem.org.br\/online\/relatorio-anual-2021\/\" \/>\n<meta property=\"og:site_name\" content=\"Futuro On-line\" \/>\n<meta property=\"article:published_time\" content=\"2022-05-13T12:00:36+00:00\" \/>\n<meta property=\"article:modified_time\" content=\"2022-07-07T14:30:35+00:00\" \/>\n<meta property=\"og:image\" content=\"https:\/\/futurofunsejem.org.br\/online\/wp-content\/uploads\/2022\/05\/124-RA-1920x1080px-copy-2.jpg\" \/>\n\t<meta property=\"og:image:width\" content=\"1920\" \/>\n\t<meta property=\"og:image:height\" content=\"1080\" \/>\n\t<meta property=\"og:image:type\" content=\"image\/jpeg\" \/>\n<meta name=\"author\" content=\"Futuro On-line\" \/>\n<meta name=\"twitter:card\" content=\"summary_large_image\" \/>\n<meta name=\"twitter:label1\" content=\"Escrito por\" \/>\n\t<meta name=\"twitter:data1\" content=\"Futuro On-line\" \/>\n\t<meta name=\"twitter:label2\" content=\"Est. tempo de leitura\" \/>\n\t<meta name=\"twitter:data2\" content=\"7 minutos\" \/>\n<script type=\"application\/ld+json\" class=\"yoast-schema-graph\">{\"@context\":\"https:\/\/schema.org\",\"@graph\":[{\"@type\":\"WebPage\",\"@id\":\"https:\/\/futurofunsejem.org.br\/online\/relatorio-anual-2021\/\",\"url\":\"https:\/\/futurofunsejem.org.br\/online\/relatorio-anual-2021\/\",\"name\":\"Relat\u00f3rio Anual da Funsejem 2021 | Futuro On-line\",\"isPartOf\":{\"@id\":\"https:\/\/futurofunsejem.org.br\/online\/#website\"},\"datePublished\":\"2022-05-13T12:00:36+00:00\",\"dateModified\":\"2022-07-07T14:30:35+00:00\",\"author\":{\"@id\":\"https:\/\/futurofunsejem.org.br\/online\/#\/schema\/person\/e610ccd4d289071402e2ea074f8f3906\"},\"description\":\"O Relat\u00f3rio Anual da Funsejem 2021 contempla dados sobre patrim\u00f4nio, demonstra\u00e7\u00f5es financeiras por plano, al\u00e9m de pr\u00e1ticas de comunica\u00e7\u00e3o e relacionamento com o participante.\",\"breadcrumb\":{\"@id\":\"https:\/\/futurofunsejem.org.br\/online\/relatorio-anual-2021\/#breadcrumb\"},\"inLanguage\":\"pt-BR\",\"potentialAction\":[{\"@type\":\"ReadAction\",\"target\":[\"https:\/\/futurofunsejem.org.br\/online\/relatorio-anual-2021\/\"]}]},{\"@type\":\"BreadcrumbList\",\"@id\":\"https:\/\/futurofunsejem.org.br\/online\/relatorio-anual-2021\/#breadcrumb\",\"itemListElement\":[{\"@type\":\"ListItem\",\"position\":1,\"name\":\"In\u00edcio\",\"item\":\"https:\/\/futurofunsejem.org.br\/online\/\"},{\"@type\":\"ListItem\",\"position\":2,\"name\":\"Relat\u00f3rio Anual 2021: Investimentos Resilientes\"}]},{\"@type\":\"WebSite\",\"@id\":\"https:\/\/futurofunsejem.org.br\/online\/#website\",\"url\":\"https:\/\/futurofunsejem.org.br\/online\/\",\"name\":\"Futuro On-line\",\"description\":\"O jornal Futuro, informativo da Funsejem, \u00e9 uma publica\u00e7\u00e3o bimestral divulgada nas empresas da Votorantim, patrocinadoras da Funda\u00e7\u00e3o, e aos participantes autopatrocinados, vinculados e aposentados pelo plano.\",\"potentialAction\":[{\"@type\":\"SearchAction\",\"target\":{\"@type\":\"EntryPoint\",\"urlTemplate\":\"https:\/\/futurofunsejem.org.br\/online\/?s={search_term_string}\"},\"query-input\":\"required name=search_term_string\"}],\"inLanguage\":\"pt-BR\"},{\"@type\":\"Person\",\"@id\":\"https:\/\/futurofunsejem.org.br\/online\/#\/schema\/person\/e610ccd4d289071402e2ea074f8f3906\",\"name\":\"Futuro On-line\",\"image\":{\"@type\":\"ImageObject\",\"inLanguage\":\"pt-BR\",\"@id\":\"https:\/\/futurofunsejem.org.br\/online\/#\/schema\/person\/image\/\",\"url\":\"https:\/\/secure.gravatar.com\/avatar\/bc77d2036e11927570b7c9cd87e39b76289d226ab85a86b2cd39e426b1bcceca?s=96&d=mm&r=g\",\"contentUrl\":\"https:\/\/secure.gravatar.com\/avatar\/bc77d2036e11927570b7c9cd87e39b76289d226ab85a86b2cd39e426b1bcceca?s=96&d=mm&r=g\",\"caption\":\"Futuro On-line\"},\"url\":\"https:\/\/futurofunsejem.org.br\/online\/author\/arvoreazul\/\"}]}<\/script>\n<!-- \/ Yoast SEO plugin. -->","yoast_head_json":{"title":"Relat\u00f3rio Anual da Funsejem 2021 | Futuro On-line","description":"O Relat\u00f3rio Anual da Funsejem 2021 contempla dados sobre patrim\u00f4nio, demonstra\u00e7\u00f5es financeiras por plano, al\u00e9m de pr\u00e1ticas de comunica\u00e7\u00e3o e relacionamento com o participante.","robots":{"index":"index","follow":"follow","max-snippet":"max-snippet:-1","max-image-preview":"max-image-preview:large","max-video-preview":"max-video-preview:-1"},"canonical":"https:\/\/futurofunsejem.org.br\/online\/relatorio-anual-2021\/","og_locale":"pt_BR","og_type":"article","og_title":"Relat\u00f3rio Anual da Funsejem 2021 | Futuro On-line","og_description":"O Relat\u00f3rio Anual da Funsejem 2021 contempla dados sobre patrim\u00f4nio, demonstra\u00e7\u00f5es financeiras por plano, al\u00e9m de pr\u00e1ticas de comunica\u00e7\u00e3o e relacionamento com o participante.","og_url":"https:\/\/futurofunsejem.org.br\/online\/relatorio-anual-2021\/","og_site_name":"Futuro On-line","article_published_time":"2022-05-13T12:00:36+00:00","article_modified_time":"2022-07-07T14:30:35+00:00","og_image":[{"width":1920,"height":1080,"url":"https:\/\/futurofunsejem.org.br\/online\/wp-content\/uploads\/2022\/05\/124-RA-1920x1080px-copy-2.jpg","type":"image\/jpeg"}],"author":"Futuro On-line","twitter_card":"summary_large_image","twitter_misc":{"Escrito por":"Futuro On-line","Est. tempo de leitura":"7 minutos"},"schema":{"@context":"https:\/\/schema.org","@graph":[{"@type":"WebPage","@id":"https:\/\/futurofunsejem.org.br\/online\/relatorio-anual-2021\/","url":"https:\/\/futurofunsejem.org.br\/online\/relatorio-anual-2021\/","name":"Relat\u00f3rio Anual da Funsejem 2021 | Futuro On-line","isPartOf":{"@id":"https:\/\/futurofunsejem.org.br\/online\/#website"},"datePublished":"2022-05-13T12:00:36+00:00","dateModified":"2022-07-07T14:30:35+00:00","author":{"@id":"https:\/\/futurofunsejem.org.br\/online\/#\/schema\/person\/e610ccd4d289071402e2ea074f8f3906"},"description":"O Relat\u00f3rio Anual da Funsejem 2021 contempla dados sobre patrim\u00f4nio, demonstra\u00e7\u00f5es financeiras por plano, al\u00e9m de pr\u00e1ticas de comunica\u00e7\u00e3o e relacionamento com o participante.","breadcrumb":{"@id":"https:\/\/futurofunsejem.org.br\/online\/relatorio-anual-2021\/#breadcrumb"},"inLanguage":"pt-BR","potentialAction":[{"@type":"ReadAction","target":["https:\/\/futurofunsejem.org.br\/online\/relatorio-anual-2021\/"]}]},{"@type":"BreadcrumbList","@id":"https:\/\/futurofunsejem.org.br\/online\/relatorio-anual-2021\/#breadcrumb","itemListElement":[{"@type":"ListItem","position":1,"name":"In\u00edcio","item":"https:\/\/futurofunsejem.org.br\/online\/"},{"@type":"ListItem","position":2,"name":"Relat\u00f3rio Anual 2021: Investimentos Resilientes"}]},{"@type":"WebSite","@id":"https:\/\/futurofunsejem.org.br\/online\/#website","url":"https:\/\/futurofunsejem.org.br\/online\/","name":"Futuro On-line","description":"O jornal Futuro, informativo da Funsejem, \u00e9 uma publica\u00e7\u00e3o bimestral divulgada nas empresas da Votorantim, patrocinadoras da Funda\u00e7\u00e3o, e aos participantes autopatrocinados, vinculados e aposentados pelo plano.","potentialAction":[{"@type":"SearchAction","target":{"@type":"EntryPoint","urlTemplate":"https:\/\/futurofunsejem.org.br\/online\/?s={search_term_string}"},"query-input":"required name=search_term_string"}],"inLanguage":"pt-BR"},{"@type":"Person","@id":"https:\/\/futurofunsejem.org.br\/online\/#\/schema\/person\/e610ccd4d289071402e2ea074f8f3906","name":"Futuro On-line","image":{"@type":"ImageObject","inLanguage":"pt-BR","@id":"https:\/\/futurofunsejem.org.br\/online\/#\/schema\/person\/image\/","url":"https:\/\/secure.gravatar.com\/avatar\/bc77d2036e11927570b7c9cd87e39b76289d226ab85a86b2cd39e426b1bcceca?s=96&d=mm&r=g","contentUrl":"https:\/\/secure.gravatar.com\/avatar\/bc77d2036e11927570b7c9cd87e39b76289d226ab85a86b2cd39e426b1bcceca?s=96&d=mm&r=g","caption":"Futuro On-line"},"url":"https:\/\/futurofunsejem.org.br\/online\/author\/arvoreazul\/"}]}},"_links":{"self":[{"href":"https:\/\/futurofunsejem.org.br\/online\/wp-json\/wp\/v2\/posts\/4431","targetHints":{"allow":["GET"]}}],"collection":[{"href":"https:\/\/futurofunsejem.org.br\/online\/wp-json\/wp\/v2\/posts"}],"about":[{"href":"https:\/\/futurofunsejem.org.br\/online\/wp-json\/wp\/v2\/types\/post"}],"author":[{"embeddable":true,"href":"https:\/\/futurofunsejem.org.br\/online\/wp-json\/wp\/v2\/users\/7"}],"replies":[{"embeddable":true,"href":"https:\/\/futurofunsejem.org.br\/online\/wp-json\/wp\/v2\/comments?post=4431"}],"version-history":[{"count":20,"href":"https:\/\/futurofunsejem.org.br\/online\/wp-json\/wp\/v2\/posts\/4431\/revisions"}],"predecessor-version":[{"id":4650,"href":"https:\/\/futurofunsejem.org.br\/online\/wp-json\/wp\/v2\/posts\/4431\/revisions\/4650"}],"wp:featuredmedia":[{"embeddable":true,"href":"https:\/\/futurofunsejem.org.br\/online\/wp-json\/wp\/v2\/media\/4662"}],"wp:attachment":[{"href":"https:\/\/futurofunsejem.org.br\/online\/wp-json\/wp\/v2\/media?parent=4431"}],"wp:term":[{"taxonomy":"category","embeddable":true,"href":"https:\/\/futurofunsejem.org.br\/online\/wp-json\/wp\/v2\/categories?post=4431"},{"taxonomy":"post_tag","embeddable":true,"href":"https:\/\/futurofunsejem.org.br\/online\/wp-json\/wp\/v2\/tags?post=4431"}],"curies":[{"name":"wp","href":"https:\/\/api.w.org\/{rel}","templated":true}]}}