{"id":5639,"date":"2023-03-14T10:01:50","date_gmt":"2023-03-14T13:01:50","guid":{"rendered":"https:\/\/futurofunsejem.org.br\/online\/?p=5639"},"modified":"2023-03-14T10:25:08","modified_gmt":"2023-03-14T13:25:08","slug":"a-obesidade-na-terceira-idade","status":"publish","type":"post","link":"https:\/\/futurofunsejem.org.br\/online\/a-obesidade-na-terceira-idade\/","title":{"rendered":"A obesidade na terceira idade"},"content":{"rendered":"<section class=\"wpb-content-wrapper\"><p>[vc_row][vc_column][info_list_father][info_list_son style=&#8221;icon&#8221; size=&#8221;17&#8243; width=&#8221;17&#8243; height=&#8221;17&#8243; titlesize=&#8221;10&#8243; titleclr=&#8221;#bcbcbc&#8221; icon=&#8221;fa fa-volume-up&#8221; iconclr=&#8221;#1e73be&#8221;]<\/p>\n<h6><strong><span style=\"color: #1e73be;\">Entrevista com trechos em \u00e1udio<\/span><\/strong><\/h6>\n<p>[\/info_list_son][\/info_list_father][\/vc_column][\/vc_row][vc_row][vc_column][vc_column_text css=&#8221;.vc_custom_1676580629206{margin-top: 0px !important;border-top-width: 0px !important;padding-top: 0px !important;}&#8221;]A obesidade tem afetado crian\u00e7as, adolescentes, adultos e idosos, sendo um problema de sa\u00fade recorrente na atualidade e ao que tudo indica seguir\u00e1 afetando mais pessoas no decorrer dos anos. Pelo menos, \u00e9 o que indica o Atlas Mundial da Obesidade em 2022, mapeamento realizado pela Federa\u00e7\u00e3o Mundial da Obesidade (<em>World Obesity Federation<\/em>). \u00a0A proje\u00e7\u00e3o \u00e9 de que 1 bilh\u00e3o de pessoas tenha obesidade pelo mundo at\u00e9 2030. No Brasil, a expectativa \u00e9 de que 29,7% da popula\u00e7\u00e3o adulta tenha obesidade, sendo 33,2% mulheres, e 25,8%, homens.<\/p>\n<p>Levando em considera\u00e7\u00e3o uma estimativa do Instituto Brasileiro de Geografia e Estat\u00edstica (IBGE) de que o n\u00famero de idosos no Brasil deve ultrapassar a quantidade de crian\u00e7as em 2030 \u2013 ainda em andamento, o Censo Demogr\u00e1fico 2022 aponta que 14,7% da popula\u00e7\u00e3o residente no Brasil tinha 60 anos ou mais em 2021\u2013, isso quer dizer que grande parte desses idosos ter\u00e1 problemas com sobrepeso.[\/vc_column_text][\/vc_column][\/vc_row][vc_row][vc_column width=&#8221;1\/2&#8243;][vc_single_image image=&#8221;5871&#8243; img_size=&#8221;full&#8221;][vc_empty_space height=&#8221;20px&#8221;][\/vc_column][vc_column width=&#8221;1\/2&#8243;][vc_column_text]<\/p>\n<h4><strong>O que se considera obesidade<\/strong><\/h4>\n<p>Existem diferentes causas para a obesidade, desde a origem gen\u00e9tica, diminui\u00e7\u00e3o de atividade f\u00edsica, at\u00e9 uma anormalidade metab\u00f3lica ou hormonal. Por\u00e9m, um dos principais fatores para a doen\u00e7a est\u00e1 relacionado com condi\u00e7\u00f5es nutricionais desequilibradas, ou seja, quando h\u00e1 mais energia sendo inserida no corpo por meio das refei\u00e7\u00f5es do que est\u00e1 sendo gasta pelas atividades do dia a dia.[\/vc_column_text][\/vc_column][\/vc_row][vc_row][vc_column][vc_column_text]Para determinar se uma pessoa est\u00e1 obesa ou n\u00e3o, \u00e9 feito o c\u00e1lculo do \u00cdndice de Massa Corp\u00f3rea, o IMC, que divide o peso da pessoa por sua altura elevada ao quadrado. Um IMC acima de 25 para adultos j\u00e1 \u00e9 considerado excesso de peso. Acima de 30, \u00e9 classificado como obesidade.[\/vc_column_text][\/vc_column][\/vc_row][vc_row][vc_column][vc_column_text]<\/p>\n<h4><strong>Uns quilinhos a mais com o passar dos anos<\/strong><\/h4>\n<p>Quando se \u00e9 jovem o metabolismo do organismo \u00e9 mais acelerado. No entanto, o corpo se modifica com o passar da idade, sendo mais f\u00e1cil acumular gordura do que perd\u00ea-la. Se a pessoa tem uma vida sedent\u00e1ria, sem a pr\u00e1tica de atividades f\u00edsicas, e maus h\u00e1bitos alimentares ent\u00e3o, essa curva fica ascendente e a cada ano que se passa ela ganha uns quilinhos a mais.[\/vc_column_text][vc_empty_space height=&#8221;20px&#8221;][\/vc_column][\/vc_row][vc_row css=&#8221;.vc_custom_1676638264964{margin-bottom: 0px !important;border-bottom-width: 0px !important;padding-bottom: 0px !important;}&#8221;][vc_column width=&#8221;1\/2&#8243;][vc_custom_heading text=&#8221;\u201c\u00c9 por isso que, na maioria das vezes, os idosos est\u00e3o com sobrepeso ou at\u00e9 mesmo obesos nessa fase da vida\u201d, afirma a m\u00e9dica geriatra dra. Eliza de Oliveira Borges. \u201cO sedentarismo, o tabagismo, uma dieta desiquilibrada composta por muitos alimentos ricos em s\u00f3dio, produtos industrializados, a ingest\u00e3o desproporcional de carboidrato, com uma pouca variedade de verduras, prote\u00ednas, tudo isso ajuda a construir a obesidade ao longo do tempo.\u201d&#8221; font_container=&#8221;tag:p|font_size:20px|text_align:left|color:%23dd9933&#8243; google_fonts=&#8221;font_family:Open%20Sans%3A300%2C300italic%2Cregular%2Citalic%2C600%2C600italic%2C700%2C700italic%2C800%2C800italic|font_style:400%20italic%3A400%3Aitalic&#8221;][\/vc_column][vc_column width=&#8221;1\/2&#8243;][vc_single_image image=&#8221;5673&#8243; img_size=&#8221;full&#8221;][vc_empty_space][\/vc_column][\/vc_row][vc_row][vc_column][vc_column_text]Acompanhe a entrevista completa em \u00e1udio com a m\u00e9dica geriatra dra. Eliza de Oliveira Borges, que atua no <a href=\"https:\/\/www.instagram.com\/iesgoiania\/\" target=\"_blank\" rel=\"noopener\">Instituto de Especialidades e Sono (IES)<\/a> e no <a href=\"https:\/\/www.instagram.com\/geriatriagoiania\/\" target=\"_blank\" rel=\"noopener\">Projeto Cuidar \u2013 Geriatria Goi\u00e2nia<\/a> e saiba quais riscos a obesidade oferece \u00e0 sa\u00fade do idoso e como prevenir a doen\u00e7a ou realizar o melhor tratamento.[\/vc_column_text][vc_empty_space][\/vc_column][\/vc_row][vc_row][vc_column width=&#8221;1\/2&#8243;][vc_column_text]<\/p>\n<h4><strong>Quais s\u00e3o os riscos da obesidade na terceira idade?<\/strong><\/h4>\n<p>[\/vc_column_text][vc_empty_space][\/vc_column][vc_column width=&#8221;1\/2&#8243;][vc_column_text]<iframe loading=\"lazy\" src=\"https:\/\/w.soundcloud.com\/player\/?url=https%3A\/\/api.soundcloud.com\/tracks\/1448555656&amp;color=%23105695&amp;auto_play=false&amp;hide_related=false&amp;show_comments=true&amp;show_user=true&amp;show_reposts=false&amp;show_teaser=true\" width=\"100%\" height=\"100%\" frameborder=\"no\" scrolling=\"no\"><\/iframe>[\/vc_column_text][vc_empty_space][\/vc_column][\/vc_row][vc_row][vc_column width=&#8221;1\/2&#8243;][vc_column_text]<\/p>\n<h4><strong>A obesidade em idosos tamb\u00e9m pode favorecer o aparecimento de doen\u00e7as ou a piora de algumas delas, quais s\u00e3o essas doen\u00e7as?<\/strong><\/h4>\n<p>[\/vc_column_text][vc_empty_space][\/vc_column][vc_column width=&#8221;1\/2&#8243;][vc_column_text]<iframe loading=\"lazy\" src=\"https:\/\/w.soundcloud.com\/player\/?url=https%3A\/\/api.soundcloud.com\/tracks\/1448555650&amp;color=%23105695&amp;auto_play=false&amp;hide_related=false&amp;show_comments=true&amp;show_user=true&amp;show_reposts=false&amp;show_teaser=true\" width=\"100%\" height=\"100%\" frameborder=\"no\" scrolling=\"no\"><span data-mce-type=\"bookmark\" style=\"display: inline-block; width: 0px; overflow: hidden; line-height: 0;\" class=\"mce_SELRES_start\">\ufeff<\/span><\/iframe>[\/vc_column_text][vc_empty_space][\/vc_column][\/vc_row][vc_row][vc_column width=&#8221;1\/2&#8243;][vc_column_text]<\/p>\n<h4><strong>Como prevenir a obesidade em idosos?<\/strong><\/h4>\n<p>[\/vc_column_text][vc_empty_space][\/vc_column][vc_column width=&#8221;1\/2&#8243;][vc_column_text]<iframe loading=\"lazy\" src=\"https:\/\/w.soundcloud.com\/player\/?url=https%3A\/\/api.soundcloud.com\/tracks\/1448555647&amp;color=%23105695&amp;auto_play=false&amp;hide_related=false&amp;show_comments=true&amp;show_user=true&amp;show_reposts=false&amp;show_teaser=true\" width=\"100%\" height=\"100%\" frameborder=\"no\" scrolling=\"no\"><span data-mce-type=\"bookmark\" style=\"display: inline-block; width: 0px; overflow: hidden; line-height: 0;\" class=\"mce_SELRES_start\">\ufeff<\/span><\/iframe>[\/vc_column_text][vc_empty_space][\/vc_column][\/vc_row][vc_row][vc_column width=&#8221;1\/2&#8243;][vc_column_text]<\/p>\n<h4><strong>Como \u00e9 realizado o controle da obesidade na terceira idade?<\/strong><\/h4>\n<p>[\/vc_column_text][vc_empty_space][\/vc_column][vc_column width=&#8221;1\/2&#8243;][vc_column_text]<iframe loading=\"lazy\" src=\"https:\/\/w.soundcloud.com\/player\/?url=https%3A\/\/api.soundcloud.com\/tracks\/1448555635&amp;color=%23105695&amp;auto_play=false&amp;hide_related=false&amp;show_comments=true&amp;show_user=true&amp;show_reposts=false&amp;show_teaser=true\" width=\"100%\" height=\"100%\" frameborder=\"no\" scrolling=\"no\"><span data-mce-type=\"bookmark\" style=\"display: inline-block; width: 0px; overflow: hidden; line-height: 0;\" class=\"mce_SELRES_start\">\ufeff<\/span><\/iframe>[\/vc_column_text][vc_empty_space][\/vc_column][\/vc_row]<\/p>\n<\/section>","protected":false},"excerpt":{"rendered":"<p>Entrevista em \u00e1udio com geriatra apresenta os riscos do sobrepeso em idosos, como se cuidar e evitar problemas \u00e0 sa\u00fade.<\/p>\n","protected":false},"author":7,"featured_media":5870,"comment_status":"open","ping_status":"open","sticky":false,"template":"","format":"standard","meta":{"footnotes":""},"categories":[4,77,102],"tags":[56,12,67,103,73,71],"class_list":["post-5639","post","type-post","status-publish","format-standard","has-post-thumbnail","hentry","category-bem-estar","category-capa-home","category-edicao-129","tag-aposentados","tag-bem-estar","tag-em-casa","tag-obesidade","tag-saude","tag-saude-emocional"],"acf":[],"yoast_head":"<!-- This site is optimized with the Yoast SEO plugin v20.8 - https:\/\/yoast.com\/wordpress\/plugins\/seo\/ -->\n<title>Sa\u00fade: a obesidade na terceira idade | Futuro On-line<\/title>\n<meta name=\"description\" content=\"A proje\u00e7\u00e3o \u00e9 de que 1 bilh\u00e3o de pessoas tenha obesidade pelo mundo at\u00e9 2030. No Brasil, a expectativa \u00e9 de que 29,7% da popula\u00e7\u00e3o adulta tenha obesidade.\" \/>\n<meta name=\"robots\" content=\"index, follow, max-snippet:-1, max-image-preview:large, max-video-preview:-1\" \/>\n<link rel=\"canonical\" href=\"https:\/\/futurofunsejem.org.br\/online\/a-obesidade-na-terceira-idade\/\" \/>\n<meta property=\"og:locale\" content=\"pt_BR\" \/>\n<meta property=\"og:type\" content=\"article\" \/>\n<meta property=\"og:title\" content=\"Sa\u00fade: a obesidade na terceira idade | Futuro On-line\" \/>\n<meta property=\"og:description\" content=\"A proje\u00e7\u00e3o \u00e9 de que 1 bilh\u00e3o de pessoas tenha obesidade pelo mundo at\u00e9 2030. No Brasil, a expectativa \u00e9 de que 29,7% da popula\u00e7\u00e3o adulta tenha obesidade.\" \/>\n<meta property=\"og:url\" content=\"https:\/\/futurofunsejem.org.br\/online\/a-obesidade-na-terceira-idade\/\" \/>\n<meta property=\"og:site_name\" content=\"Futuro On-line\" \/>\n<meta property=\"article:published_time\" content=\"2023-03-14T13:01:50+00:00\" \/>\n<meta property=\"article:modified_time\" content=\"2023-03-14T13:25:08+00:00\" \/>\n<meta property=\"og:image\" content=\"https:\/\/futurofunsejem.org.br\/online\/wp-content\/uploads\/2023\/03\/129-bemestar-1920x1080px-copy.jpg\" \/>\n\t<meta property=\"og:image:width\" content=\"1920\" \/>\n\t<meta property=\"og:image:height\" content=\"1080\" \/>\n\t<meta property=\"og:image:type\" content=\"image\/jpeg\" \/>\n<meta name=\"author\" content=\"Futuro On-line\" \/>\n<meta name=\"twitter:card\" content=\"summary_large_image\" \/>\n<meta name=\"twitter:label1\" content=\"Escrito por\" \/>\n\t<meta name=\"twitter:data1\" content=\"Futuro On-line\" \/>\n\t<meta name=\"twitter:label2\" content=\"Est. tempo de leitura\" \/>\n\t<meta name=\"twitter:data2\" content=\"4 minutos\" \/>\n<script type=\"application\/ld+json\" class=\"yoast-schema-graph\">{\"@context\":\"https:\/\/schema.org\",\"@graph\":[{\"@type\":\"WebPage\",\"@id\":\"https:\/\/futurofunsejem.org.br\/online\/a-obesidade-na-terceira-idade\/\",\"url\":\"https:\/\/futurofunsejem.org.br\/online\/a-obesidade-na-terceira-idade\/\",\"name\":\"Sa\u00fade: a obesidade na terceira idade | Futuro On-line\",\"isPartOf\":{\"@id\":\"https:\/\/futurofunsejem.org.br\/online\/#website\"},\"datePublished\":\"2023-03-14T13:01:50+00:00\",\"dateModified\":\"2023-03-14T13:25:08+00:00\",\"author\":{\"@id\":\"https:\/\/futurofunsejem.org.br\/online\/#\/schema\/person\/e610ccd4d289071402e2ea074f8f3906\"},\"description\":\"A proje\u00e7\u00e3o \u00e9 de que 1 bilh\u00e3o de pessoas tenha obesidade pelo mundo at\u00e9 2030. No Brasil, a expectativa \u00e9 de que 29,7% da popula\u00e7\u00e3o adulta tenha obesidade.\",\"breadcrumb\":{\"@id\":\"https:\/\/futurofunsejem.org.br\/online\/a-obesidade-na-terceira-idade\/#breadcrumb\"},\"inLanguage\":\"pt-BR\",\"potentialAction\":[{\"@type\":\"ReadAction\",\"target\":[\"https:\/\/futurofunsejem.org.br\/online\/a-obesidade-na-terceira-idade\/\"]}]},{\"@type\":\"BreadcrumbList\",\"@id\":\"https:\/\/futurofunsejem.org.br\/online\/a-obesidade-na-terceira-idade\/#breadcrumb\",\"itemListElement\":[{\"@type\":\"ListItem\",\"position\":1,\"name\":\"In\u00edcio\",\"item\":\"https:\/\/futurofunsejem.org.br\/online\/\"},{\"@type\":\"ListItem\",\"position\":2,\"name\":\"A obesidade na terceira idade\"}]},{\"@type\":\"WebSite\",\"@id\":\"https:\/\/futurofunsejem.org.br\/online\/#website\",\"url\":\"https:\/\/futurofunsejem.org.br\/online\/\",\"name\":\"Futuro On-line\",\"description\":\"O jornal Futuro, informativo da Funsejem, \u00e9 uma publica\u00e7\u00e3o bimestral divulgada nas empresas da Votorantim, patrocinadoras da Funda\u00e7\u00e3o, e aos participantes autopatrocinados, vinculados e aposentados pelo plano.\",\"potentialAction\":[{\"@type\":\"SearchAction\",\"target\":{\"@type\":\"EntryPoint\",\"urlTemplate\":\"https:\/\/futurofunsejem.org.br\/online\/?s={search_term_string}\"},\"query-input\":\"required name=search_term_string\"}],\"inLanguage\":\"pt-BR\"},{\"@type\":\"Person\",\"@id\":\"https:\/\/futurofunsejem.org.br\/online\/#\/schema\/person\/e610ccd4d289071402e2ea074f8f3906\",\"name\":\"Futuro On-line\",\"image\":{\"@type\":\"ImageObject\",\"inLanguage\":\"pt-BR\",\"@id\":\"https:\/\/futurofunsejem.org.br\/online\/#\/schema\/person\/image\/\",\"url\":\"https:\/\/secure.gravatar.com\/avatar\/bc77d2036e11927570b7c9cd87e39b76289d226ab85a86b2cd39e426b1bcceca?s=96&d=mm&r=g\",\"contentUrl\":\"https:\/\/secure.gravatar.com\/avatar\/bc77d2036e11927570b7c9cd87e39b76289d226ab85a86b2cd39e426b1bcceca?s=96&d=mm&r=g\",\"caption\":\"Futuro On-line\"},\"url\":\"https:\/\/futurofunsejem.org.br\/online\/author\/arvoreazul\/\"}]}<\/script>\n<!-- \/ Yoast SEO plugin. -->","yoast_head_json":{"title":"Sa\u00fade: a obesidade na terceira idade | Futuro On-line","description":"A proje\u00e7\u00e3o \u00e9 de que 1 bilh\u00e3o de pessoas tenha obesidade pelo mundo at\u00e9 2030. No Brasil, a expectativa \u00e9 de que 29,7% da popula\u00e7\u00e3o adulta tenha obesidade.","robots":{"index":"index","follow":"follow","max-snippet":"max-snippet:-1","max-image-preview":"max-image-preview:large","max-video-preview":"max-video-preview:-1"},"canonical":"https:\/\/futurofunsejem.org.br\/online\/a-obesidade-na-terceira-idade\/","og_locale":"pt_BR","og_type":"article","og_title":"Sa\u00fade: a obesidade na terceira idade | Futuro On-line","og_description":"A proje\u00e7\u00e3o \u00e9 de que 1 bilh\u00e3o de pessoas tenha obesidade pelo mundo at\u00e9 2030. No Brasil, a expectativa \u00e9 de que 29,7% da popula\u00e7\u00e3o adulta tenha obesidade.","og_url":"https:\/\/futurofunsejem.org.br\/online\/a-obesidade-na-terceira-idade\/","og_site_name":"Futuro On-line","article_published_time":"2023-03-14T13:01:50+00:00","article_modified_time":"2023-03-14T13:25:08+00:00","og_image":[{"width":1920,"height":1080,"url":"https:\/\/futurofunsejem.org.br\/online\/wp-content\/uploads\/2023\/03\/129-bemestar-1920x1080px-copy.jpg","type":"image\/jpeg"}],"author":"Futuro On-line","twitter_card":"summary_large_image","twitter_misc":{"Escrito por":"Futuro On-line","Est. tempo de leitura":"4 minutos"},"schema":{"@context":"https:\/\/schema.org","@graph":[{"@type":"WebPage","@id":"https:\/\/futurofunsejem.org.br\/online\/a-obesidade-na-terceira-idade\/","url":"https:\/\/futurofunsejem.org.br\/online\/a-obesidade-na-terceira-idade\/","name":"Sa\u00fade: a obesidade na terceira idade | Futuro On-line","isPartOf":{"@id":"https:\/\/futurofunsejem.org.br\/online\/#website"},"datePublished":"2023-03-14T13:01:50+00:00","dateModified":"2023-03-14T13:25:08+00:00","author":{"@id":"https:\/\/futurofunsejem.org.br\/online\/#\/schema\/person\/e610ccd4d289071402e2ea074f8f3906"},"description":"A proje\u00e7\u00e3o \u00e9 de que 1 bilh\u00e3o de pessoas tenha obesidade pelo mundo at\u00e9 2030. No Brasil, a expectativa \u00e9 de que 29,7% da popula\u00e7\u00e3o adulta tenha obesidade.","breadcrumb":{"@id":"https:\/\/futurofunsejem.org.br\/online\/a-obesidade-na-terceira-idade\/#breadcrumb"},"inLanguage":"pt-BR","potentialAction":[{"@type":"ReadAction","target":["https:\/\/futurofunsejem.org.br\/online\/a-obesidade-na-terceira-idade\/"]}]},{"@type":"BreadcrumbList","@id":"https:\/\/futurofunsejem.org.br\/online\/a-obesidade-na-terceira-idade\/#breadcrumb","itemListElement":[{"@type":"ListItem","position":1,"name":"In\u00edcio","item":"https:\/\/futurofunsejem.org.br\/online\/"},{"@type":"ListItem","position":2,"name":"A obesidade na terceira idade"}]},{"@type":"WebSite","@id":"https:\/\/futurofunsejem.org.br\/online\/#website","url":"https:\/\/futurofunsejem.org.br\/online\/","name":"Futuro On-line","description":"O jornal Futuro, informativo da Funsejem, \u00e9 uma publica\u00e7\u00e3o bimestral divulgada nas empresas da Votorantim, patrocinadoras da Funda\u00e7\u00e3o, e aos participantes autopatrocinados, vinculados e aposentados pelo plano.","potentialAction":[{"@type":"SearchAction","target":{"@type":"EntryPoint","urlTemplate":"https:\/\/futurofunsejem.org.br\/online\/?s={search_term_string}"},"query-input":"required name=search_term_string"}],"inLanguage":"pt-BR"},{"@type":"Person","@id":"https:\/\/futurofunsejem.org.br\/online\/#\/schema\/person\/e610ccd4d289071402e2ea074f8f3906","name":"Futuro On-line","image":{"@type":"ImageObject","inLanguage":"pt-BR","@id":"https:\/\/futurofunsejem.org.br\/online\/#\/schema\/person\/image\/","url":"https:\/\/secure.gravatar.com\/avatar\/bc77d2036e11927570b7c9cd87e39b76289d226ab85a86b2cd39e426b1bcceca?s=96&d=mm&r=g","contentUrl":"https:\/\/secure.gravatar.com\/avatar\/bc77d2036e11927570b7c9cd87e39b76289d226ab85a86b2cd39e426b1bcceca?s=96&d=mm&r=g","caption":"Futuro On-line"},"url":"https:\/\/futurofunsejem.org.br\/online\/author\/arvoreazul\/"}]}},"_links":{"self":[{"href":"https:\/\/futurofunsejem.org.br\/online\/wp-json\/wp\/v2\/posts\/5639","targetHints":{"allow":["GET"]}}],"collection":[{"href":"https:\/\/futurofunsejem.org.br\/online\/wp-json\/wp\/v2\/posts"}],"about":[{"href":"https:\/\/futurofunsejem.org.br\/online\/wp-json\/wp\/v2\/types\/post"}],"author":[{"embeddable":true,"href":"https:\/\/futurofunsejem.org.br\/online\/wp-json\/wp\/v2\/users\/7"}],"replies":[{"embeddable":true,"href":"https:\/\/futurofunsejem.org.br\/online\/wp-json\/wp\/v2\/comments?post=5639"}],"version-history":[{"count":34,"href":"https:\/\/futurofunsejem.org.br\/online\/wp-json\/wp\/v2\/posts\/5639\/revisions"}],"predecessor-version":[{"id":5872,"href":"https:\/\/futurofunsejem.org.br\/online\/wp-json\/wp\/v2\/posts\/5639\/revisions\/5872"}],"wp:featuredmedia":[{"embeddable":true,"href":"https:\/\/futurofunsejem.org.br\/online\/wp-json\/wp\/v2\/media\/5870"}],"wp:attachment":[{"href":"https:\/\/futurofunsejem.org.br\/online\/wp-json\/wp\/v2\/media?parent=5639"}],"wp:term":[{"taxonomy":"category","embeddable":true,"href":"https:\/\/futurofunsejem.org.br\/online\/wp-json\/wp\/v2\/categories?post=5639"},{"taxonomy":"post_tag","embeddable":true,"href":"https:\/\/futurofunsejem.org.br\/online\/wp-json\/wp\/v2\/tags?post=5639"}],"curies":[{"name":"wp","href":"https:\/\/api.w.org\/{rel}","templated":true}]}}