{"id":609,"date":"2020-05-12T11:20:12","date_gmt":"2020-05-12T14:20:12","guid":{"rendered":"https:\/\/futurofunsejem.org.br\/online\/?p=609"},"modified":"2020-07-01T11:52:04","modified_gmt":"2020-07-01T14:52:04","slug":"retirada-suzano","status":"publish","type":"post","link":"https:\/\/futurofunsejem.org.br\/online\/retirada-suzano\/","title":{"rendered":"Funsejem responde exig\u00eancias da Previc \u00e0 retirada da Suzano"},"content":{"rendered":"<section class=\"wpb-content-wrapper\"><p>[vc_row][vc_column][vc_column_text]No dia 17 de abril, a Funsejem enviou os \u00faltimos esclarecimentos solicitados pela Previc para a aprova\u00e7\u00e3o da retirada de patroc\u00ednio ao plano Votorantim Prev que envolve os participantes das empresas Suzano, Fibria e Portocel.<\/p>\n<p>O atendimento ao que foi exigido ocorreu de forma bem mais r\u00e1pida que o prazo legal de 60 dias \u00fateis. O esfor\u00e7o conjunto das empresas e da Funsejem teve como objetivo agilizar a finaliza\u00e7\u00e3o do processo na medida do poss\u00edvel.<\/p>\n<p>Com o envio dos esclarecimentos, entramos na fase de an\u00e1lise pela Previc. A expectativa \u00e9 de um retorno n\u00e3o muito demorado, mas o \u00f3rg\u00e3o tem oficialmente at\u00e9 julho para responder sobre a autoriza\u00e7\u00e3o de retirada.<\/p>\n<p>A Funsejem divulgar\u00e1 a aprova\u00e7\u00e3o assim que ela ocorrer. Em caso de d\u00favidas, solicite informa\u00e7\u00f5es por email (<a href=\"mailto:funsejem@funsejem.org.br\">funsejem@funsejem.org.br<\/a>).[\/vc_column_text][\/vc_column][\/vc_row][vc_row][vc_column][vc_message message_box_color=&#8221;warning&#8221; icon_fontawesome=&#8221;fa fa-exclamation-triangle&#8221;]O atendimento telef\u00f4nico da Funda\u00e7\u00e3o est\u00e1 temporariamente restrito, em virtude das medidas de conting\u00eancia para o combate ao coronav\u00edrus. Saiba mais no site <a href=\"http:\/\/www.funsejem.org.br\">www.funsejem.org.br<\/a>.[\/vc_message][\/vc_column][\/vc_row]<\/p>\n<\/section>","protected":false},"excerpt":{"rendered":"<p>\u00d3rg\u00e3o governamental confirma recebimento do processo de retirada de patroc\u00ednio e inicia an\u00e1lise final de aprova\u00e7\u00e3o.<\/p>\n","protected":false},"author":7,"featured_media":767,"comment_status":"open","ping_status":"open","sticky":false,"template":"","format":"standard","meta":{"footnotes":""},"categories":[18,63,17],"tags":[65,64],"class_list":["post-609","post","type-post","status-publish","format-standard","has-post-thumbnail","hentry","category-dia-a-dia-da-fundacao","category-edicao-112","category-voce-funsejem","tag-gestao","tag-previc"],"acf":[],"yoast_head":"<!-- This site is optimized with the Yoast SEO plugin v20.8 - https:\/\/yoast.com\/wordpress\/plugins\/seo\/ -->\n<title>Novas informa\u00e7\u00f5es sobre a retirada de patroc\u00ednio | Futuro On-line<\/title>\n<meta name=\"description\" content=\"Funsejem envia \u00faltimos documentos \u00e0 Previc para a aprova\u00e7\u00e3o da retirada de patroc\u00ednio da Suzano, Fibria e Portocel. O org\u00e3o tem at\u00e9 julho para responder.\" \/>\n<meta name=\"robots\" content=\"index, follow, max-snippet:-1, max-image-preview:large, max-video-preview:-1\" \/>\n<link rel=\"canonical\" href=\"https:\/\/futurofunsejem.org.br\/online\/retirada-suzano\/\" \/>\n<meta property=\"og:locale\" content=\"pt_BR\" \/>\n<meta property=\"og:type\" content=\"article\" \/>\n<meta property=\"og:title\" content=\"Novas informa\u00e7\u00f5es sobre a retirada de patroc\u00ednio | Futuro On-line\" \/>\n<meta property=\"og:description\" content=\"Funsejem envia \u00faltimos documentos \u00e0 Previc para a aprova\u00e7\u00e3o da retirada de patroc\u00ednio da Suzano, Fibria e Portocel. O org\u00e3o tem at\u00e9 julho para responder.\" \/>\n<meta property=\"og:url\" content=\"https:\/\/futurofunsejem.org.br\/online\/retirada-suzano\/\" \/>\n<meta property=\"og:site_name\" content=\"Futuro On-line\" \/>\n<meta property=\"article:published_time\" content=\"2020-05-12T14:20:12+00:00\" \/>\n<meta property=\"article:modified_time\" content=\"2020-07-01T14:52:04+00:00\" \/>\n<meta property=\"og:image\" content=\"https:\/\/futurofunsejem.org.br\/online\/wp-content\/uploads\/2020\/04\/112-diadia-fibria-1920x1080px-1.jpg\" \/>\n\t<meta property=\"og:image:width\" content=\"1920\" \/>\n\t<meta property=\"og:image:height\" content=\"1080\" \/>\n\t<meta property=\"og:image:type\" content=\"image\/jpeg\" \/>\n<meta name=\"author\" content=\"Futuro On-line\" \/>\n<meta name=\"twitter:card\" content=\"summary_large_image\" \/>\n<meta name=\"twitter:label1\" content=\"Escrito por\" \/>\n\t<meta name=\"twitter:data1\" content=\"Futuro On-line\" \/>\n\t<meta name=\"twitter:label2\" content=\"Est. tempo de leitura\" \/>\n\t<meta name=\"twitter:data2\" content=\"1 minuto\" \/>\n<script type=\"application\/ld+json\" class=\"yoast-schema-graph\">{\"@context\":\"https:\/\/schema.org\",\"@graph\":[{\"@type\":\"WebPage\",\"@id\":\"https:\/\/futurofunsejem.org.br\/online\/retirada-suzano\/\",\"url\":\"https:\/\/futurofunsejem.org.br\/online\/retirada-suzano\/\",\"name\":\"Novas informa\u00e7\u00f5es sobre a retirada de patroc\u00ednio | Futuro On-line\",\"isPartOf\":{\"@id\":\"https:\/\/futurofunsejem.org.br\/online\/#website\"},\"datePublished\":\"2020-05-12T14:20:12+00:00\",\"dateModified\":\"2020-07-01T14:52:04+00:00\",\"author\":{\"@id\":\"https:\/\/futurofunsejem.org.br\/online\/#\/schema\/person\/e610ccd4d289071402e2ea074f8f3906\"},\"description\":\"Funsejem envia \u00faltimos documentos \u00e0 Previc para a aprova\u00e7\u00e3o da retirada de patroc\u00ednio da Suzano, Fibria e Portocel. O org\u00e3o tem at\u00e9 julho para responder.\",\"breadcrumb\":{\"@id\":\"https:\/\/futurofunsejem.org.br\/online\/retirada-suzano\/#breadcrumb\"},\"inLanguage\":\"pt-BR\",\"potentialAction\":[{\"@type\":\"ReadAction\",\"target\":[\"https:\/\/futurofunsejem.org.br\/online\/retirada-suzano\/\"]}]},{\"@type\":\"BreadcrumbList\",\"@id\":\"https:\/\/futurofunsejem.org.br\/online\/retirada-suzano\/#breadcrumb\",\"itemListElement\":[{\"@type\":\"ListItem\",\"position\":1,\"name\":\"In\u00edcio\",\"item\":\"https:\/\/futurofunsejem.org.br\/online\/\"},{\"@type\":\"ListItem\",\"position\":2,\"name\":\"Funsejem responde exig\u00eancias da Previc \u00e0 retirada da Suzano\"}]},{\"@type\":\"WebSite\",\"@id\":\"https:\/\/futurofunsejem.org.br\/online\/#website\",\"url\":\"https:\/\/futurofunsejem.org.br\/online\/\",\"name\":\"Futuro On-line\",\"description\":\"O jornal Futuro, informativo da Funsejem, \u00e9 uma publica\u00e7\u00e3o bimestral divulgada nas empresas da Votorantim, patrocinadoras da Funda\u00e7\u00e3o, e aos participantes autopatrocinados, vinculados e aposentados pelo plano.\",\"potentialAction\":[{\"@type\":\"SearchAction\",\"target\":{\"@type\":\"EntryPoint\",\"urlTemplate\":\"https:\/\/futurofunsejem.org.br\/online\/?s={search_term_string}\"},\"query-input\":\"required name=search_term_string\"}],\"inLanguage\":\"pt-BR\"},{\"@type\":\"Person\",\"@id\":\"https:\/\/futurofunsejem.org.br\/online\/#\/schema\/person\/e610ccd4d289071402e2ea074f8f3906\",\"name\":\"Futuro On-line\",\"image\":{\"@type\":\"ImageObject\",\"inLanguage\":\"pt-BR\",\"@id\":\"https:\/\/futurofunsejem.org.br\/online\/#\/schema\/person\/image\/\",\"url\":\"https:\/\/secure.gravatar.com\/avatar\/bc77d2036e11927570b7c9cd87e39b76289d226ab85a86b2cd39e426b1bcceca?s=96&d=mm&r=g\",\"contentUrl\":\"https:\/\/secure.gravatar.com\/avatar\/bc77d2036e11927570b7c9cd87e39b76289d226ab85a86b2cd39e426b1bcceca?s=96&d=mm&r=g\",\"caption\":\"Futuro On-line\"},\"url\":\"https:\/\/futurofunsejem.org.br\/online\/author\/arvoreazul\/\"}]}<\/script>\n<!-- \/ Yoast SEO plugin. -->","yoast_head_json":{"title":"Novas informa\u00e7\u00f5es sobre a retirada de patroc\u00ednio | Futuro On-line","description":"Funsejem envia \u00faltimos documentos \u00e0 Previc para a aprova\u00e7\u00e3o da retirada de patroc\u00ednio da Suzano, Fibria e Portocel. O org\u00e3o tem at\u00e9 julho para responder.","robots":{"index":"index","follow":"follow","max-snippet":"max-snippet:-1","max-image-preview":"max-image-preview:large","max-video-preview":"max-video-preview:-1"},"canonical":"https:\/\/futurofunsejem.org.br\/online\/retirada-suzano\/","og_locale":"pt_BR","og_type":"article","og_title":"Novas informa\u00e7\u00f5es sobre a retirada de patroc\u00ednio | Futuro On-line","og_description":"Funsejem envia \u00faltimos documentos \u00e0 Previc para a aprova\u00e7\u00e3o da retirada de patroc\u00ednio da Suzano, Fibria e Portocel. O org\u00e3o tem at\u00e9 julho para responder.","og_url":"https:\/\/futurofunsejem.org.br\/online\/retirada-suzano\/","og_site_name":"Futuro On-line","article_published_time":"2020-05-12T14:20:12+00:00","article_modified_time":"2020-07-01T14:52:04+00:00","og_image":[{"width":1920,"height":1080,"url":"https:\/\/futurofunsejem.org.br\/online\/wp-content\/uploads\/2020\/04\/112-diadia-fibria-1920x1080px-1.jpg","type":"image\/jpeg"}],"author":"Futuro On-line","twitter_card":"summary_large_image","twitter_misc":{"Escrito por":"Futuro On-line","Est. tempo de leitura":"1 minuto"},"schema":{"@context":"https:\/\/schema.org","@graph":[{"@type":"WebPage","@id":"https:\/\/futurofunsejem.org.br\/online\/retirada-suzano\/","url":"https:\/\/futurofunsejem.org.br\/online\/retirada-suzano\/","name":"Novas informa\u00e7\u00f5es sobre a retirada de patroc\u00ednio | Futuro On-line","isPartOf":{"@id":"https:\/\/futurofunsejem.org.br\/online\/#website"},"datePublished":"2020-05-12T14:20:12+00:00","dateModified":"2020-07-01T14:52:04+00:00","author":{"@id":"https:\/\/futurofunsejem.org.br\/online\/#\/schema\/person\/e610ccd4d289071402e2ea074f8f3906"},"description":"Funsejem envia \u00faltimos documentos \u00e0 Previc para a aprova\u00e7\u00e3o da retirada de patroc\u00ednio da Suzano, Fibria e Portocel. O org\u00e3o tem at\u00e9 julho para responder.","breadcrumb":{"@id":"https:\/\/futurofunsejem.org.br\/online\/retirada-suzano\/#breadcrumb"},"inLanguage":"pt-BR","potentialAction":[{"@type":"ReadAction","target":["https:\/\/futurofunsejem.org.br\/online\/retirada-suzano\/"]}]},{"@type":"BreadcrumbList","@id":"https:\/\/futurofunsejem.org.br\/online\/retirada-suzano\/#breadcrumb","itemListElement":[{"@type":"ListItem","position":1,"name":"In\u00edcio","item":"https:\/\/futurofunsejem.org.br\/online\/"},{"@type":"ListItem","position":2,"name":"Funsejem responde exig\u00eancias da Previc \u00e0 retirada da Suzano"}]},{"@type":"WebSite","@id":"https:\/\/futurofunsejem.org.br\/online\/#website","url":"https:\/\/futurofunsejem.org.br\/online\/","name":"Futuro On-line","description":"O jornal Futuro, informativo da Funsejem, \u00e9 uma publica\u00e7\u00e3o bimestral divulgada nas empresas da Votorantim, patrocinadoras da Funda\u00e7\u00e3o, e aos participantes autopatrocinados, vinculados e aposentados pelo plano.","potentialAction":[{"@type":"SearchAction","target":{"@type":"EntryPoint","urlTemplate":"https:\/\/futurofunsejem.org.br\/online\/?s={search_term_string}"},"query-input":"required name=search_term_string"}],"inLanguage":"pt-BR"},{"@type":"Person","@id":"https:\/\/futurofunsejem.org.br\/online\/#\/schema\/person\/e610ccd4d289071402e2ea074f8f3906","name":"Futuro On-line","image":{"@type":"ImageObject","inLanguage":"pt-BR","@id":"https:\/\/futurofunsejem.org.br\/online\/#\/schema\/person\/image\/","url":"https:\/\/secure.gravatar.com\/avatar\/bc77d2036e11927570b7c9cd87e39b76289d226ab85a86b2cd39e426b1bcceca?s=96&d=mm&r=g","contentUrl":"https:\/\/secure.gravatar.com\/avatar\/bc77d2036e11927570b7c9cd87e39b76289d226ab85a86b2cd39e426b1bcceca?s=96&d=mm&r=g","caption":"Futuro On-line"},"url":"https:\/\/futurofunsejem.org.br\/online\/author\/arvoreazul\/"}]}},"_links":{"self":[{"href":"https:\/\/futurofunsejem.org.br\/online\/wp-json\/wp\/v2\/posts\/609","targetHints":{"allow":["GET"]}}],"collection":[{"href":"https:\/\/futurofunsejem.org.br\/online\/wp-json\/wp\/v2\/posts"}],"about":[{"href":"https:\/\/futurofunsejem.org.br\/online\/wp-json\/wp\/v2\/types\/post"}],"author":[{"embeddable":true,"href":"https:\/\/futurofunsejem.org.br\/online\/wp-json\/wp\/v2\/users\/7"}],"replies":[{"embeddable":true,"href":"https:\/\/futurofunsejem.org.br\/online\/wp-json\/wp\/v2\/comments?post=609"}],"version-history":[{"count":2,"href":"https:\/\/futurofunsejem.org.br\/online\/wp-json\/wp\/v2\/posts\/609\/revisions"}],"predecessor-version":[{"id":761,"href":"https:\/\/futurofunsejem.org.br\/online\/wp-json\/wp\/v2\/posts\/609\/revisions\/761"}],"wp:featuredmedia":[{"embeddable":true,"href":"https:\/\/futurofunsejem.org.br\/online\/wp-json\/wp\/v2\/media\/767"}],"wp:attachment":[{"href":"https:\/\/futurofunsejem.org.br\/online\/wp-json\/wp\/v2\/media?parent=609"}],"wp:term":[{"taxonomy":"category","embeddable":true,"href":"https:\/\/futurofunsejem.org.br\/online\/wp-json\/wp\/v2\/categories?post=609"},{"taxonomy":"post_tag","embeddable":true,"href":"https:\/\/futurofunsejem.org.br\/online\/wp-json\/wp\/v2\/tags?post=609"}],"curies":[{"name":"wp","href":"https:\/\/api.w.org\/{rel}","templated":true}]}}