{"id":7566,"date":"2024-03-11T07:22:14","date_gmt":"2024-03-11T10:22:14","guid":{"rendered":"https:\/\/futurofunsejem.org.br\/online\/?p=7566"},"modified":"2024-03-12T15:13:40","modified_gmt":"2024-03-12T18:13:40","slug":"fato-ou-boato","status":"publish","type":"post","link":"https:\/\/futurofunsejem.org.br\/online\/fato-ou-boato\/","title":{"rendered":"Fato ou boato?"},"content":{"rendered":"<section class=\"wpb-content-wrapper\"><p>[vc_row][vc_column][vc_column_text]Em janeiro, a CBA iniciou uma s\u00e9rie de posts sobre o plano de previd\u00eancia Votorantim Prev no Workplace. Chamada de Fato ou Boato, a se\u00e7\u00e3o aborda diferentes assuntos das mais variadas \u00e1reas da empresa. E a Funsejem foi convidada a participar com alguns temas.[\/vc_column_text][vc_empty_space height=&#8221;15px&#8221;][vc_single_image image=&#8221;7576&#8243; img_size=&#8221;full&#8221;][\/vc_column][\/vc_row][vc_row][vc_column width=&#8221;1\/2&#8243;][vc_column_text]O primeiro deles foi ao ar no dia 2 de fevereiro, e o fato ou boato girou em torno da contribui\u00e7\u00e3o da CBA em nome do empregado. Al\u00e9m da resposta, confirmando que a empresa faz dep\u00f3sitos a todo empregado participante do plano, a ideia foi dar outras informa\u00e7\u00f5es sobre como funcionam esses aportes. Mas de forma pr\u00e1tica, r\u00e1pida, que n\u00e3o chega a 3 minutos.[\/vc_column_text][vc_empty_space height=&#8221;15px&#8221;][\/vc_column][vc_column width=&#8221;1\/2&#8243;][vc_single_image image=&#8221;7577&#8243; img_size=&#8221;full&#8221;][vc_empty_space][\/vc_column][\/vc_row][vc_row][vc_column][vc_column_text]As \u00e1reas de DHO e Comunica\u00e7\u00e3o j\u00e1 t\u00eam outros assuntos do Votorantim Prev para o Fato ou Boato. Confira no Workplace da CBA.[\/vc_column_text][vc_empty_space][\/vc_column][\/vc_row][vc_row][vc_column][vc_column_text]<\/p>\n<h4><strong>Auren e CoE atuam sobre novos admitidos<\/strong><\/h4>\n<p>A Auren definiu um cronograma bimestral de divulga\u00e7\u00e3o do Votorantim Prev com foco nos empregados admitidos. O plano \u00e9 apresentado aos empregados assim que eles entram na empresa, com os demais benef\u00edcios, mas agora ele ganha um calend\u00e1rio que pode funcionar como uma repescagem.[\/vc_column_text][vc_empty_space][\/vc_column][\/vc_row][vc_row][vc_column width=&#8221;1\/2&#8243;][vc_single_image image=&#8221;7655&#8243; img_size=&#8221;full&#8221;][vc_empty_space height=&#8221;15px&#8221;][\/vc_column][vc_column width=&#8221;1\/2&#8243;][vc_column_text]O objetivo \u00e9 dar \u00e0queles que n\u00e3o aderiram ao plano inicialmente a oportunidade de conhecer melhor a previd\u00eancia privada corporativa. A a\u00e7\u00e3o \u00e9 uma iniciativa do DHO da empresa, e conta com a participa\u00e7\u00e3o da Funsejem, na apresenta\u00e7\u00e3o on-line.[\/vc_column_text][vc_empty_space][\/vc_column][\/vc_row][vc_row][vc_column][vc_column_text]Quem tamb\u00e9m est\u00e1 refor\u00e7ando a divulga\u00e7\u00e3o do benef\u00edcio de previd\u00eancia a novos admitidos \u00e9 o CoE, Centro de Excel\u00eancia da Votorantim, em Curitiba (PR). Juliany Silva Lucas, coordenadora financeira na empresa, organizou com o DHO uma integra\u00e7\u00e3o mensal para estimular a ades\u00e3o ao plano. Na data marcada, ela mesma apresenta o benef\u00edcio aos empregados, com o conhecimento de quem \u00e9 de casa, ou melhor, de duas casas. Isso porque, al\u00e9m de profissional da VSA, Juliany atua no Conselho Fiscal da Funsejem como suplente, no mandato que iniciou em 2021 e vai at\u00e9 julho deste ano.[\/vc_column_text][\/vc_column][\/vc_row]<\/p>\n<\/section>","protected":false},"excerpt":{"rendered":"<p>CBA explica o Votorantim Prev de um jeito diferente. Auren e CoE tamb\u00e9m promovem a\u00e7\u00f5es.<\/p>\n","protected":false},"author":7,"featured_media":7575,"comment_status":"open","ping_status":"open","sticky":false,"template":"","format":"standard","meta":{"footnotes":""},"categories":[77,18,115,61],"tags":[89,30,88,14,55,66,54,87],"class_list":["post-7566","post","type-post","status-publish","format-standard","has-post-thumbnail","hentry","category-capa-home","category-dia-a-dia-da-fundacao","category-edicao-135","category-post-grid","tag-abono","tag-contribuicao","tag-emprestimo","tag-investimentos","tag-participantes","tag-portabilidade","tag-previdencia","tag-resgate"],"acf":[],"yoast_head":"<!-- This site is optimized with the Yoast SEO plugin v20.8 - https:\/\/yoast.com\/wordpress\/plugins\/seo\/ -->\n<title>Fato ou boato? | Futuro On-line<\/title>\n<meta name=\"description\" content=\"S\u00e9rie de posts Fato ou Boato, esclarece v\u00e1rias informa\u00e7\u00f5es sobre o plano de previd\u00eancia Votorantim Prev para funcion\u00e1rios da CBA.\" \/>\n<meta name=\"robots\" content=\"index, follow, max-snippet:-1, max-image-preview:large, max-video-preview:-1\" \/>\n<link rel=\"canonical\" href=\"https:\/\/futurofunsejem.org.br\/online\/fato-ou-boato\/\" \/>\n<meta property=\"og:locale\" content=\"pt_BR\" \/>\n<meta property=\"og:type\" content=\"article\" \/>\n<meta property=\"og:title\" content=\"Fato ou boato? | Futuro On-line\" \/>\n<meta property=\"og:description\" content=\"S\u00e9rie de posts Fato ou Boato, esclarece v\u00e1rias informa\u00e7\u00f5es sobre o plano de previd\u00eancia Votorantim Prev para funcion\u00e1rios da CBA.\" \/>\n<meta property=\"og:url\" content=\"https:\/\/futurofunsejem.org.br\/online\/fato-ou-boato\/\" \/>\n<meta property=\"og:site_name\" content=\"Futuro On-line\" \/>\n<meta property=\"article:published_time\" content=\"2024-03-11T10:22:14+00:00\" \/>\n<meta property=\"article:modified_time\" content=\"2024-03-12T18:13:40+00:00\" \/>\n<meta property=\"og:image\" content=\"https:\/\/futurofunsejem.org.br\/online\/wp-content\/uploads\/2024\/03\/135-fatoboato-1920x1080px-copy.jpg\" \/>\n\t<meta property=\"og:image:width\" content=\"1920\" \/>\n\t<meta property=\"og:image:height\" content=\"1080\" \/>\n\t<meta property=\"og:image:type\" content=\"image\/jpeg\" \/>\n<meta name=\"author\" content=\"Futuro On-line\" \/>\n<meta name=\"twitter:card\" content=\"summary_large_image\" \/>\n<meta name=\"twitter:label1\" content=\"Escrito por\" \/>\n\t<meta name=\"twitter:data1\" content=\"Futuro On-line\" \/>\n\t<meta name=\"twitter:label2\" content=\"Est. tempo de leitura\" \/>\n\t<meta name=\"twitter:data2\" content=\"2 minutos\" \/>\n<script type=\"application\/ld+json\" class=\"yoast-schema-graph\">{\"@context\":\"https:\/\/schema.org\",\"@graph\":[{\"@type\":\"WebPage\",\"@id\":\"https:\/\/futurofunsejem.org.br\/online\/fato-ou-boato\/\",\"url\":\"https:\/\/futurofunsejem.org.br\/online\/fato-ou-boato\/\",\"name\":\"Fato ou boato? | Futuro On-line\",\"isPartOf\":{\"@id\":\"https:\/\/futurofunsejem.org.br\/online\/#website\"},\"datePublished\":\"2024-03-11T10:22:14+00:00\",\"dateModified\":\"2024-03-12T18:13:40+00:00\",\"author\":{\"@id\":\"https:\/\/futurofunsejem.org.br\/online\/#\/schema\/person\/e610ccd4d289071402e2ea074f8f3906\"},\"description\":\"S\u00e9rie de posts Fato ou Boato, esclarece v\u00e1rias informa\u00e7\u00f5es sobre o plano de previd\u00eancia Votorantim Prev para funcion\u00e1rios da CBA.\",\"breadcrumb\":{\"@id\":\"https:\/\/futurofunsejem.org.br\/online\/fato-ou-boato\/#breadcrumb\"},\"inLanguage\":\"pt-BR\",\"potentialAction\":[{\"@type\":\"ReadAction\",\"target\":[\"https:\/\/futurofunsejem.org.br\/online\/fato-ou-boato\/\"]}]},{\"@type\":\"BreadcrumbList\",\"@id\":\"https:\/\/futurofunsejem.org.br\/online\/fato-ou-boato\/#breadcrumb\",\"itemListElement\":[{\"@type\":\"ListItem\",\"position\":1,\"name\":\"In\u00edcio\",\"item\":\"https:\/\/futurofunsejem.org.br\/online\/\"},{\"@type\":\"ListItem\",\"position\":2,\"name\":\"Fato ou boato?\"}]},{\"@type\":\"WebSite\",\"@id\":\"https:\/\/futurofunsejem.org.br\/online\/#website\",\"url\":\"https:\/\/futurofunsejem.org.br\/online\/\",\"name\":\"Futuro On-line\",\"description\":\"O jornal Futuro, informativo da Funsejem, \u00e9 uma publica\u00e7\u00e3o bimestral divulgada nas empresas da Votorantim, patrocinadoras da Funda\u00e7\u00e3o, e aos participantes autopatrocinados, vinculados e aposentados pelo plano.\",\"potentialAction\":[{\"@type\":\"SearchAction\",\"target\":{\"@type\":\"EntryPoint\",\"urlTemplate\":\"https:\/\/futurofunsejem.org.br\/online\/?s={search_term_string}\"},\"query-input\":\"required name=search_term_string\"}],\"inLanguage\":\"pt-BR\"},{\"@type\":\"Person\",\"@id\":\"https:\/\/futurofunsejem.org.br\/online\/#\/schema\/person\/e610ccd4d289071402e2ea074f8f3906\",\"name\":\"Futuro On-line\",\"image\":{\"@type\":\"ImageObject\",\"inLanguage\":\"pt-BR\",\"@id\":\"https:\/\/futurofunsejem.org.br\/online\/#\/schema\/person\/image\/\",\"url\":\"https:\/\/secure.gravatar.com\/avatar\/bc77d2036e11927570b7c9cd87e39b76289d226ab85a86b2cd39e426b1bcceca?s=96&d=mm&r=g\",\"contentUrl\":\"https:\/\/secure.gravatar.com\/avatar\/bc77d2036e11927570b7c9cd87e39b76289d226ab85a86b2cd39e426b1bcceca?s=96&d=mm&r=g\",\"caption\":\"Futuro On-line\"},\"url\":\"https:\/\/futurofunsejem.org.br\/online\/author\/arvoreazul\/\"}]}<\/script>\n<!-- \/ Yoast SEO plugin. -->","yoast_head_json":{"title":"Fato ou boato? | Futuro On-line","description":"S\u00e9rie de posts Fato ou Boato, esclarece v\u00e1rias informa\u00e7\u00f5es sobre o plano de previd\u00eancia Votorantim Prev para funcion\u00e1rios da CBA.","robots":{"index":"index","follow":"follow","max-snippet":"max-snippet:-1","max-image-preview":"max-image-preview:large","max-video-preview":"max-video-preview:-1"},"canonical":"https:\/\/futurofunsejem.org.br\/online\/fato-ou-boato\/","og_locale":"pt_BR","og_type":"article","og_title":"Fato ou boato? | Futuro On-line","og_description":"S\u00e9rie de posts Fato ou Boato, esclarece v\u00e1rias informa\u00e7\u00f5es sobre o plano de previd\u00eancia Votorantim Prev para funcion\u00e1rios da CBA.","og_url":"https:\/\/futurofunsejem.org.br\/online\/fato-ou-boato\/","og_site_name":"Futuro On-line","article_published_time":"2024-03-11T10:22:14+00:00","article_modified_time":"2024-03-12T18:13:40+00:00","og_image":[{"width":1920,"height":1080,"url":"https:\/\/futurofunsejem.org.br\/online\/wp-content\/uploads\/2024\/03\/135-fatoboato-1920x1080px-copy.jpg","type":"image\/jpeg"}],"author":"Futuro On-line","twitter_card":"summary_large_image","twitter_misc":{"Escrito por":"Futuro On-line","Est. tempo de leitura":"2 minutos"},"schema":{"@context":"https:\/\/schema.org","@graph":[{"@type":"WebPage","@id":"https:\/\/futurofunsejem.org.br\/online\/fato-ou-boato\/","url":"https:\/\/futurofunsejem.org.br\/online\/fato-ou-boato\/","name":"Fato ou boato? | Futuro On-line","isPartOf":{"@id":"https:\/\/futurofunsejem.org.br\/online\/#website"},"datePublished":"2024-03-11T10:22:14+00:00","dateModified":"2024-03-12T18:13:40+00:00","author":{"@id":"https:\/\/futurofunsejem.org.br\/online\/#\/schema\/person\/e610ccd4d289071402e2ea074f8f3906"},"description":"S\u00e9rie de posts Fato ou Boato, esclarece v\u00e1rias informa\u00e7\u00f5es sobre o plano de previd\u00eancia Votorantim Prev para funcion\u00e1rios da CBA.","breadcrumb":{"@id":"https:\/\/futurofunsejem.org.br\/online\/fato-ou-boato\/#breadcrumb"},"inLanguage":"pt-BR","potentialAction":[{"@type":"ReadAction","target":["https:\/\/futurofunsejem.org.br\/online\/fato-ou-boato\/"]}]},{"@type":"BreadcrumbList","@id":"https:\/\/futurofunsejem.org.br\/online\/fato-ou-boato\/#breadcrumb","itemListElement":[{"@type":"ListItem","position":1,"name":"In\u00edcio","item":"https:\/\/futurofunsejem.org.br\/online\/"},{"@type":"ListItem","position":2,"name":"Fato ou boato?"}]},{"@type":"WebSite","@id":"https:\/\/futurofunsejem.org.br\/online\/#website","url":"https:\/\/futurofunsejem.org.br\/online\/","name":"Futuro On-line","description":"O jornal Futuro, informativo da Funsejem, \u00e9 uma publica\u00e7\u00e3o bimestral divulgada nas empresas da Votorantim, patrocinadoras da Funda\u00e7\u00e3o, e aos participantes autopatrocinados, vinculados e aposentados pelo plano.","potentialAction":[{"@type":"SearchAction","target":{"@type":"EntryPoint","urlTemplate":"https:\/\/futurofunsejem.org.br\/online\/?s={search_term_string}"},"query-input":"required name=search_term_string"}],"inLanguage":"pt-BR"},{"@type":"Person","@id":"https:\/\/futurofunsejem.org.br\/online\/#\/schema\/person\/e610ccd4d289071402e2ea074f8f3906","name":"Futuro On-line","image":{"@type":"ImageObject","inLanguage":"pt-BR","@id":"https:\/\/futurofunsejem.org.br\/online\/#\/schema\/person\/image\/","url":"https:\/\/secure.gravatar.com\/avatar\/bc77d2036e11927570b7c9cd87e39b76289d226ab85a86b2cd39e426b1bcceca?s=96&d=mm&r=g","contentUrl":"https:\/\/secure.gravatar.com\/avatar\/bc77d2036e11927570b7c9cd87e39b76289d226ab85a86b2cd39e426b1bcceca?s=96&d=mm&r=g","caption":"Futuro On-line"},"url":"https:\/\/futurofunsejem.org.br\/online\/author\/arvoreazul\/"}]}},"_links":{"self":[{"href":"https:\/\/futurofunsejem.org.br\/online\/wp-json\/wp\/v2\/posts\/7566","targetHints":{"allow":["GET"]}}],"collection":[{"href":"https:\/\/futurofunsejem.org.br\/online\/wp-json\/wp\/v2\/posts"}],"about":[{"href":"https:\/\/futurofunsejem.org.br\/online\/wp-json\/wp\/v2\/types\/post"}],"author":[{"embeddable":true,"href":"https:\/\/futurofunsejem.org.br\/online\/wp-json\/wp\/v2\/users\/7"}],"replies":[{"embeddable":true,"href":"https:\/\/futurofunsejem.org.br\/online\/wp-json\/wp\/v2\/comments?post=7566"}],"version-history":[{"count":13,"href":"https:\/\/futurofunsejem.org.br\/online\/wp-json\/wp\/v2\/posts\/7566\/revisions"}],"predecessor-version":[{"id":7723,"href":"https:\/\/futurofunsejem.org.br\/online\/wp-json\/wp\/v2\/posts\/7566\/revisions\/7723"}],"wp:featuredmedia":[{"embeddable":true,"href":"https:\/\/futurofunsejem.org.br\/online\/wp-json\/wp\/v2\/media\/7575"}],"wp:attachment":[{"href":"https:\/\/futurofunsejem.org.br\/online\/wp-json\/wp\/v2\/media?parent=7566"}],"wp:term":[{"taxonomy":"category","embeddable":true,"href":"https:\/\/futurofunsejem.org.br\/online\/wp-json\/wp\/v2\/categories?post=7566"},{"taxonomy":"post_tag","embeddable":true,"href":"https:\/\/futurofunsejem.org.br\/online\/wp-json\/wp\/v2\/tags?post=7566"}],"curies":[{"name":"wp","href":"https:\/\/api.w.org\/{rel}","templated":true}]}}