{"id":956,"date":"2020-07-01T11:51:57","date_gmt":"2020-07-01T14:51:57","guid":{"rendered":"https:\/\/futurofunsejem.org.br\/online\/?p=956"},"modified":"2020-09-11T15:55:44","modified_gmt":"2020-09-11T18:55:44","slug":"investimentos-crise-pandemia","status":"publish","type":"post","link":"https:\/\/futurofunsejem.org.br\/online\/investimentos-crise-pandemia\/","title":{"rendered":"Investimentos neste momento de crise e p\u00f3s-pandemia"},"content":{"rendered":"<section class=\"wpb-content-wrapper\"><p>[vc_row][vc_column][vc_column_text]Adriano Severo, educador financeiro e especialista em investimentos na <a href=\"https:\/\/www.severoef.com.br\/\" target=\"_blank\" rel=\"noopener noreferrer\">Severo Educa\u00e7\u00e3o Financeira<\/a>, afirma que neste momento de crise \u00e9 hora de aproveitar para rever os investimentos. \u201cReflita se todos os produtos que possui em sua carteira de investimentos est\u00e3o alinhados com os seus objetivos. \u00c9 muito pertinente trocar aplica\u00e7\u00f5es ruins por aplica\u00e7\u00f5es boas. De nada adianta querer \u2018recuperar\u2019 o dinheiro em algo ruim, se existe oportunidade melhor e que tende a recuperar o dinheiro mais rapidamente, digamos que em um ano.\u201d[\/vc_column_text][\/vc_column][\/vc_row][vc_row][vc_column][vc_column_text]A s\u00f3cia-diretora da <a href=\"http:\/\/www.fbwealth.com.br\/home\/\" target=\"_blank\" rel=\"noopener noreferrer\">FB Wealth<\/a> Daniela Casabona aponta que essa sele\u00e7\u00e3o tem que ser feita com muito cuidado, sempre buscando ativos de\u00a0confian\u00e7a\u00a0e com\u00a0credibilidade\u00a0no mercado. \u201c\u00c9 importante ter bastante cautela e buscar uma diversifica\u00e7\u00e3o\u00a0consistente, principalmente na atual crise da covid-19, que \u00e9 rodeada de\u00a0incerteza. Optar por ativos de\u00a0confian\u00e7a\u00a0\u00e9 fundamental para n\u00e3o cair em falsas promessas,\u00a0aproveitando as oportunidades.\u201d[\/vc_column_text][\/vc_column][\/vc_row][vc_row][vc_column][mvc_infobox info_style=&#8221;mega_info_box_2&#8243; info_opt=&#8221;show_icon&#8221; icon_size=&#8221;30&#8243; icon_height=&#8221;35&#8243; title_color=&#8221;#000000&#8243; font_icon=&#8221;fa fa-umbrella&#8221; icon_color=&#8221;#fab400&#8243;]<\/p>\n<h4 style=\"text-align: left;\"><strong>Fa\u00e7a uma reserva de emerg\u00eancia<\/strong><\/h4>\n<p>[\/mvc_infobox][vc_column_text]Uma a\u00e7\u00e3o importante para o planejamento dos investimentos \u00e9 pensar em formar uma reserva de emerg\u00eancia, caso voc\u00ea ainda n\u00e3o a tenha. Tanto Adriano quanto Daniela relembram que a caracter\u00edstica de uma reserva de emerg\u00eancia \u00e9 a seguran\u00e7a e n\u00e3o exatamente a rentabilidade, pois o dinheiro precisa ter r\u00e1pida liquidez para ajudar rapidamente em algum imprevisto.<\/p>\n<p>\u201cComo o pr\u00f3prio nome diz, a reserva de emerg\u00eancia serve para momentos de emerg\u00eancia. Por isso \u00e9 preciso que a aplica\u00e7\u00e3o tenha duas caracter\u00edsticas, seguran\u00e7a e liquidez\u201d, explica Adriano. \u201cOs produtos que se encaixam nesse perfil s\u00e3o o Tesouro Selic, fundo de investimentos que aplique no Tesouro Selic ou CDB de grandes institui\u00e7\u00f5es com liquidez di\u00e1ria pr\u00f3xima de 100% do CDI.\u201d<\/p>\n<p>\u201cOs fundos referenciados tamb\u00e9m s\u00e3o \u00f3timas op\u00e7\u00f5es, eles t\u00eam liquidez, muitas vezes, rendem um pouco mais do que o CDI e com pouco risco. Importante lembrar que essa reserva n\u00e3o vai rentabilizar muito, pois \u00e9 um dinheiro para o uso emergencial\u201d, completa Daniela.[\/vc_column_text][\/vc_column][\/vc_row][vc_row][vc_column][mvc_infobox info_style=&#8221;mega_info_box_2&#8243; info_opt=&#8221;show_icon&#8221; icon_size=&#8221;30&#8243; icon_height=&#8221;55&#8243; title_color=&#8221;#000000&#8243; font_icon=&#8221;fa fa-exclamation-circle&#8221; icon_color=&#8221;#58b7b0&#8243;]<\/p>\n<h4><strong>Se voc\u00ea tem dinheiro aplicado na Bolsa de Valores, mantenha a calma!<\/strong><\/h4>\n<p>[\/mvc_infobox][vc_column_text]Os especialistas afirmam que agora \u00e9 preciso ter paci\u00eancia e manter um olhar de longo prazo, pois os investimentos na bolsa s\u00e3o de no m\u00ednimo cinco anos, sendo poss\u00edvel aproveitar \u00f3timas oportunidades no cen\u00e1rio p\u00f3s-pandemia.[\/vc_column_text][\/vc_column][\/vc_row][vc_row][vc_column][mvc_infobox info_style=&#8221;mega_info_box_2&#8243; info_opt=&#8221;show_icon&#8221; icon_size=&#8221;30&#8243; icon_height=&#8221;45&#8243; title_color=&#8221;#000000&#8243; font_icon=&#8221;fa fa-bar-chart&#8221; icon_color=&#8221;#ea5174&#8243;]<\/p>\n<h4><strong>\u00c9 poss\u00edvel aplicar com baixa volatilidade?<\/strong><\/h4>\n<p>[\/mvc_infobox][vc_column_text]A s\u00f3cia-diretora da FB Wealth afirma que sim. \u201cRenda fixa com taxa pr\u00e9-fixada, fundos referenciados e o pr\u00f3prio Tesouro Direto. Eles podem ser menos rent\u00e1veis, por\u00e9m bastante\u00a0seguros e ajudam a manter o\u00a0equil\u00edbrio da carteira\u201d.[\/vc_column_text][\/vc_column][\/vc_row][vc_row][vc_column][mvc_infobox info_style=&#8221;mega_info_box_2&#8243; info_opt=&#8221;show_icon&#8221; icon_size=&#8221;30&#8243; icon_height=&#8221;55&#8243; title_color=&#8221;#000000&#8243; font_icon=&#8221;fa fa-lock&#8221; icon_color=&#8221;#b478b2&#8243;]<\/p>\n<h4><strong>Planos de previd\u00eancia tamb\u00e9m fazem parte da diversifica\u00e7\u00e3o segura<\/strong><\/h4>\n<p>[\/mvc_infobox][vc_column_text]\u201cOs planos de previd\u00eancia complementar s\u00e3o \u00f3timas oportunidades para compor a carteira de investimentos, principalmente pensando na aposentadoria\u201d, considera Adriano. \u201cNeste momento, busque entender como o fundo est\u00e1 sendo influenciado pelo mercado para planejar sua estrat\u00e9gia.[\/vc_column_text][\/vc_column][\/vc_row][vc_row][vc_column][mvc_infobox info_style=&#8221;mega_info_box_2&#8243; info_opt=&#8221;show_icon&#8221; icon_size=&#8221;30&#8243; icon_height=&#8221;45&#8243; title_color=&#8221;#000000&#8243; font_icon=&#8221;fa fa-search&#8221; icon_color=&#8221;#eb5e30&#8243;]<\/p>\n<h4><strong>Cen\u00e1rio para os investimentos p\u00f3s-pandemia<\/strong><\/h4>\n<p>[\/mvc_infobox][vc_column_text]Daniela reflete que a crise financeira gerada pela pandemia da covid-19 tem possibilidades de recupera\u00e7\u00e3o distinta de outras crises econ\u00f4micas. \u201cEssa crise \u00e9\u00a0diferente pois n\u00e3o \u00e9 uma crise financeira em si, claro que afeta a economia em fun\u00e7\u00e3o do isolamento social, entre outras situa\u00e7\u00f5es. Mas, hoje, os governos e bancos t\u00eam muitos recursos para conseguir\u00a0reerguer a\u00a0economia, o que n\u00e3o era o caso na crise de 2008 onde o problema era especificamente financeiro\u201d, afirma. \u201cTalvez n\u00e3o seja uma\u00a0recupera\u00e7\u00e3o t\u00e3o\u00a0r\u00e1pida, mas eu\u00a0acredito que no longo prazo a\u00a0economia estar\u00e1 forte.\u201d<\/p>\n<p>Ela tamb\u00e9m faz uma pondera\u00e7\u00e3o para os investidores que querem usufruir do momento de baixa para colher bons frutos no futuro, \u201cpara aproveitar as oportunidades, n\u00e3o \u00e9 preciso colocar em risco todo o seu patrim\u00f4nio, a renda vari\u00e1vel tem riscos, por isso n\u00e3o fa\u00e7a seus investimentos de forma irrespons\u00e1vel\u201d. Nesse sentido, Adriano indica \u201cfa\u00e7a o uso inteligente do dinheiro e valorize seu patrim\u00f4nio.\u201d[\/vc_column_text][\/vc_column][\/vc_row][vc_row][vc_column][vc_separator border_width=&#8221;3&#8243;][vc_empty_space height=&#8221;5px&#8221;][\/vc_column][\/vc_row][vc_row][vc_column width=&#8221;1\/4&#8243;][vc_single_image image=&#8221;1054&#8243; img_size=&#8221;400&#215;400&#8243;][vc_empty_space height=&#8221;10px&#8221;][\/vc_column][vc_column width=&#8221;3\/4&#8243;][vc_custom_heading text=&#8221;<b>Adriano Severo<\/b> \u00e9 educador financeiro e especialista em investimentos na Severo Educa\u00e7\u00e3o Financeira. Formado em administra\u00e7\u00e3o de empresas, possui MBA em Mercado de Capitais e Forma\u00e7\u00e3o Pedag\u00f3gica de Professores. Ministra palestras e cursos sobre finan\u00e7as e economia em diversas institui\u00e7\u00f5es de ensino e empresas. Em 2015, criou o projeto social Educa\u00e7\u00e3o Financeira Para Todos, com o objetivo de levar educa\u00e7\u00e3o financeira de qualidade e gratuita para pessoas de baixa renda.&#8221; font_container=&#8221;tag:p|font_size:13px|text_align:left|color:%23333333&#8243; google_fonts=&#8221;font_family:Open%20Sans%3A300%2C300italic%2Cregular%2Citalic%2C600%2C600italic%2C700%2C700italic%2C800%2C800italic|font_style:400%20italic%3A400%3Aitalic&#8221; css=&#8221;.vc_custom_1593107725845{margin-bottom: 10px !important;}&#8221;][vc_empty_space height=&#8221;5px&#8221;][\/vc_column][\/vc_row][vc_row][vc_column width=&#8221;1\/4&#8243;][vc_single_image image=&#8221;1055&#8243; img_size=&#8221;400&#215;400&#8243;][vc_empty_space height=&#8221;10px&#8221;][\/vc_column][vc_column width=&#8221;3\/4&#8243;][vc_custom_heading text=&#8221;<b>Daniela Casabona<\/b> trabalhou em uma das maiores corretoras internacionais do Brasil e cuidou da fortuna de uma das fam\u00edlias mais ricas do pa\u00eds. Habilitada como agente aut\u00f4noma de investimentos pela Ancord, atualmente \u00e9 s\u00f3cia-diretora da FB Wealth, uma empresa especializada em planejamento patrimonial, que utiliza uma metodologia usada pelos principais players internacionais e uma an\u00e1lise personalizada de cada cliente, com o foco na constru\u00e7\u00e3o e crescimento adequado do patrim\u00f4nio. &#8221; font_container=&#8221;tag:p|font_size:13px|text_align:left|color:%23333333&#8243; google_fonts=&#8221;font_family:Open%20Sans%3A300%2C300italic%2Cregular%2Citalic%2C600%2C600italic%2C700%2C700italic%2C800%2C800italic|font_style:400%20italic%3A400%3Aitalic&#8221;][\/vc_column][\/vc_row]<\/p>\n<\/section>","protected":false},"excerpt":{"rendered":"<p>Educador financeiro e agente de investimentos orientam como tomar decis\u00f5es.<\/p>\n","protected":false},"author":7,"featured_media":1075,"comment_status":"open","ping_status":"open","sticky":false,"template":"","format":"standard","meta":{"footnotes":""},"categories":[69,5],"tags":[45,14,54],"class_list":["post-956","post","type-post","status-publish","format-standard","has-post-thumbnail","hentry","category-edicao-113","category-educacao-financeira","tag-cenario","tag-investimentos","tag-previdencia"],"acf":[],"yoast_head":"<!-- This site is optimized with the Yoast SEO plugin v20.8 - https:\/\/yoast.com\/wordpress\/plugins\/seo\/ -->\n<title>Esse \u00e9 o momento para reavaliar os investimentos! | Futuro On-line<\/title>\n<meta name=\"description\" content=\"Como tomar decis\u00f5es nesse momento de crise e p\u00f3s-pandemia? Entrevista com especialistas em investimentos te auxiliam nesse processo.\" \/>\n<meta name=\"robots\" content=\"index, follow, max-snippet:-1, max-image-preview:large, max-video-preview:-1\" \/>\n<link rel=\"canonical\" href=\"https:\/\/futurofunsejem.org.br\/online\/investimentos-crise-pandemia\/\" \/>\n<meta property=\"og:locale\" content=\"pt_BR\" \/>\n<meta property=\"og:type\" content=\"article\" \/>\n<meta property=\"og:title\" content=\"Esse \u00e9 o momento para reavaliar os investimentos! | Futuro On-line\" \/>\n<meta property=\"og:description\" content=\"Como tomar decis\u00f5es nesse momento de crise e p\u00f3s-pandemia? Entrevista com especialistas em investimentos te auxiliam nesse processo.\" \/>\n<meta property=\"og:url\" content=\"https:\/\/futurofunsejem.org.br\/online\/investimentos-crise-pandemia\/\" \/>\n<meta property=\"og:site_name\" content=\"Futuro On-line\" \/>\n<meta property=\"article:published_time\" content=\"2020-07-01T14:51:57+00:00\" \/>\n<meta property=\"article:modified_time\" content=\"2020-09-11T18:55:44+00:00\" \/>\n<meta property=\"og:image\" content=\"https:\/\/futurofunsejem.org.br\/online\/wp-content\/uploads\/2020\/07\/113-edfinanceira-1920x1080px.jpg\" \/>\n\t<meta property=\"og:image:width\" content=\"1920\" \/>\n\t<meta property=\"og:image:height\" content=\"1080\" \/>\n\t<meta property=\"og:image:type\" content=\"image\/jpeg\" \/>\n<meta name=\"author\" content=\"Futuro On-line\" \/>\n<meta name=\"twitter:card\" content=\"summary_large_image\" \/>\n<meta name=\"twitter:label1\" content=\"Escrito por\" \/>\n\t<meta name=\"twitter:data1\" content=\"Futuro On-line\" \/>\n\t<meta name=\"twitter:label2\" content=\"Est. tempo de leitura\" \/>\n\t<meta name=\"twitter:data2\" content=\"6 minutos\" \/>\n<script type=\"application\/ld+json\" class=\"yoast-schema-graph\">{\"@context\":\"https:\/\/schema.org\",\"@graph\":[{\"@type\":\"WebPage\",\"@id\":\"https:\/\/futurofunsejem.org.br\/online\/investimentos-crise-pandemia\/\",\"url\":\"https:\/\/futurofunsejem.org.br\/online\/investimentos-crise-pandemia\/\",\"name\":\"Esse \u00e9 o momento para reavaliar os investimentos! | Futuro On-line\",\"isPartOf\":{\"@id\":\"https:\/\/futurofunsejem.org.br\/online\/#website\"},\"datePublished\":\"2020-07-01T14:51:57+00:00\",\"dateModified\":\"2020-09-11T18:55:44+00:00\",\"author\":{\"@id\":\"https:\/\/futurofunsejem.org.br\/online\/#\/schema\/person\/e610ccd4d289071402e2ea074f8f3906\"},\"description\":\"Como tomar decis\u00f5es nesse momento de crise e p\u00f3s-pandemia? Entrevista com especialistas em investimentos te auxiliam nesse processo.\",\"breadcrumb\":{\"@id\":\"https:\/\/futurofunsejem.org.br\/online\/investimentos-crise-pandemia\/#breadcrumb\"},\"inLanguage\":\"pt-BR\",\"potentialAction\":[{\"@type\":\"ReadAction\",\"target\":[\"https:\/\/futurofunsejem.org.br\/online\/investimentos-crise-pandemia\/\"]}]},{\"@type\":\"BreadcrumbList\",\"@id\":\"https:\/\/futurofunsejem.org.br\/online\/investimentos-crise-pandemia\/#breadcrumb\",\"itemListElement\":[{\"@type\":\"ListItem\",\"position\":1,\"name\":\"In\u00edcio\",\"item\":\"https:\/\/futurofunsejem.org.br\/online\/\"},{\"@type\":\"ListItem\",\"position\":2,\"name\":\"Investimentos neste momento de crise e p\u00f3s-pandemia\"}]},{\"@type\":\"WebSite\",\"@id\":\"https:\/\/futurofunsejem.org.br\/online\/#website\",\"url\":\"https:\/\/futurofunsejem.org.br\/online\/\",\"name\":\"Futuro On-line\",\"description\":\"O jornal Futuro, informativo da Funsejem, \u00e9 uma publica\u00e7\u00e3o bimestral divulgada nas empresas da Votorantim, patrocinadoras da Funda\u00e7\u00e3o, e aos participantes autopatrocinados, vinculados e aposentados pelo plano.\",\"potentialAction\":[{\"@type\":\"SearchAction\",\"target\":{\"@type\":\"EntryPoint\",\"urlTemplate\":\"https:\/\/futurofunsejem.org.br\/online\/?s={search_term_string}\"},\"query-input\":\"required name=search_term_string\"}],\"inLanguage\":\"pt-BR\"},{\"@type\":\"Person\",\"@id\":\"https:\/\/futurofunsejem.org.br\/online\/#\/schema\/person\/e610ccd4d289071402e2ea074f8f3906\",\"name\":\"Futuro On-line\",\"image\":{\"@type\":\"ImageObject\",\"inLanguage\":\"pt-BR\",\"@id\":\"https:\/\/futurofunsejem.org.br\/online\/#\/schema\/person\/image\/\",\"url\":\"https:\/\/secure.gravatar.com\/avatar\/bc77d2036e11927570b7c9cd87e39b76289d226ab85a86b2cd39e426b1bcceca?s=96&d=mm&r=g\",\"contentUrl\":\"https:\/\/secure.gravatar.com\/avatar\/bc77d2036e11927570b7c9cd87e39b76289d226ab85a86b2cd39e426b1bcceca?s=96&d=mm&r=g\",\"caption\":\"Futuro On-line\"},\"url\":\"https:\/\/futurofunsejem.org.br\/online\/author\/arvoreazul\/\"}]}<\/script>\n<!-- \/ Yoast SEO plugin. -->","yoast_head_json":{"title":"Esse \u00e9 o momento para reavaliar os investimentos! | Futuro On-line","description":"Como tomar decis\u00f5es nesse momento de crise e p\u00f3s-pandemia? Entrevista com especialistas em investimentos te auxiliam nesse processo.","robots":{"index":"index","follow":"follow","max-snippet":"max-snippet:-1","max-image-preview":"max-image-preview:large","max-video-preview":"max-video-preview:-1"},"canonical":"https:\/\/futurofunsejem.org.br\/online\/investimentos-crise-pandemia\/","og_locale":"pt_BR","og_type":"article","og_title":"Esse \u00e9 o momento para reavaliar os investimentos! | Futuro On-line","og_description":"Como tomar decis\u00f5es nesse momento de crise e p\u00f3s-pandemia? Entrevista com especialistas em investimentos te auxiliam nesse processo.","og_url":"https:\/\/futurofunsejem.org.br\/online\/investimentos-crise-pandemia\/","og_site_name":"Futuro On-line","article_published_time":"2020-07-01T14:51:57+00:00","article_modified_time":"2020-09-11T18:55:44+00:00","og_image":[{"width":1920,"height":1080,"url":"https:\/\/futurofunsejem.org.br\/online\/wp-content\/uploads\/2020\/07\/113-edfinanceira-1920x1080px.jpg","type":"image\/jpeg"}],"author":"Futuro On-line","twitter_card":"summary_large_image","twitter_misc":{"Escrito por":"Futuro On-line","Est. tempo de leitura":"6 minutos"},"schema":{"@context":"https:\/\/schema.org","@graph":[{"@type":"WebPage","@id":"https:\/\/futurofunsejem.org.br\/online\/investimentos-crise-pandemia\/","url":"https:\/\/futurofunsejem.org.br\/online\/investimentos-crise-pandemia\/","name":"Esse \u00e9 o momento para reavaliar os investimentos! | Futuro On-line","isPartOf":{"@id":"https:\/\/futurofunsejem.org.br\/online\/#website"},"datePublished":"2020-07-01T14:51:57+00:00","dateModified":"2020-09-11T18:55:44+00:00","author":{"@id":"https:\/\/futurofunsejem.org.br\/online\/#\/schema\/person\/e610ccd4d289071402e2ea074f8f3906"},"description":"Como tomar decis\u00f5es nesse momento de crise e p\u00f3s-pandemia? Entrevista com especialistas em investimentos te auxiliam nesse processo.","breadcrumb":{"@id":"https:\/\/futurofunsejem.org.br\/online\/investimentos-crise-pandemia\/#breadcrumb"},"inLanguage":"pt-BR","potentialAction":[{"@type":"ReadAction","target":["https:\/\/futurofunsejem.org.br\/online\/investimentos-crise-pandemia\/"]}]},{"@type":"BreadcrumbList","@id":"https:\/\/futurofunsejem.org.br\/online\/investimentos-crise-pandemia\/#breadcrumb","itemListElement":[{"@type":"ListItem","position":1,"name":"In\u00edcio","item":"https:\/\/futurofunsejem.org.br\/online\/"},{"@type":"ListItem","position":2,"name":"Investimentos neste momento de crise e p\u00f3s-pandemia"}]},{"@type":"WebSite","@id":"https:\/\/futurofunsejem.org.br\/online\/#website","url":"https:\/\/futurofunsejem.org.br\/online\/","name":"Futuro On-line","description":"O jornal Futuro, informativo da Funsejem, \u00e9 uma publica\u00e7\u00e3o bimestral divulgada nas empresas da Votorantim, patrocinadoras da Funda\u00e7\u00e3o, e aos participantes autopatrocinados, vinculados e aposentados pelo plano.","potentialAction":[{"@type":"SearchAction","target":{"@type":"EntryPoint","urlTemplate":"https:\/\/futurofunsejem.org.br\/online\/?s={search_term_string}"},"query-input":"required name=search_term_string"}],"inLanguage":"pt-BR"},{"@type":"Person","@id":"https:\/\/futurofunsejem.org.br\/online\/#\/schema\/person\/e610ccd4d289071402e2ea074f8f3906","name":"Futuro On-line","image":{"@type":"ImageObject","inLanguage":"pt-BR","@id":"https:\/\/futurofunsejem.org.br\/online\/#\/schema\/person\/image\/","url":"https:\/\/secure.gravatar.com\/avatar\/bc77d2036e11927570b7c9cd87e39b76289d226ab85a86b2cd39e426b1bcceca?s=96&d=mm&r=g","contentUrl":"https:\/\/secure.gravatar.com\/avatar\/bc77d2036e11927570b7c9cd87e39b76289d226ab85a86b2cd39e426b1bcceca?s=96&d=mm&r=g","caption":"Futuro On-line"},"url":"https:\/\/futurofunsejem.org.br\/online\/author\/arvoreazul\/"}]}},"_links":{"self":[{"href":"https:\/\/futurofunsejem.org.br\/online\/wp-json\/wp\/v2\/posts\/956","targetHints":{"allow":["GET"]}}],"collection":[{"href":"https:\/\/futurofunsejem.org.br\/online\/wp-json\/wp\/v2\/posts"}],"about":[{"href":"https:\/\/futurofunsejem.org.br\/online\/wp-json\/wp\/v2\/types\/post"}],"author":[{"embeddable":true,"href":"https:\/\/futurofunsejem.org.br\/online\/wp-json\/wp\/v2\/users\/7"}],"replies":[{"embeddable":true,"href":"https:\/\/futurofunsejem.org.br\/online\/wp-json\/wp\/v2\/comments?post=956"}],"version-history":[{"count":32,"href":"https:\/\/futurofunsejem.org.br\/online\/wp-json\/wp\/v2\/posts\/956\/revisions"}],"predecessor-version":[{"id":1158,"href":"https:\/\/futurofunsejem.org.br\/online\/wp-json\/wp\/v2\/posts\/956\/revisions\/1158"}],"wp:featuredmedia":[{"embeddable":true,"href":"https:\/\/futurofunsejem.org.br\/online\/wp-json\/wp\/v2\/media\/1075"}],"wp:attachment":[{"href":"https:\/\/futurofunsejem.org.br\/online\/wp-json\/wp\/v2\/media?parent=956"}],"wp:term":[{"taxonomy":"category","embeddable":true,"href":"https:\/\/futurofunsejem.org.br\/online\/wp-json\/wp\/v2\/categories?post=956"},{"taxonomy":"post_tag","embeddable":true,"href":"https:\/\/futurofunsejem.org.br\/online\/wp-json\/wp\/v2\/tags?post=956"}],"curies":[{"name":"wp","href":"https:\/\/api.w.org\/{rel}","templated":true}]}}