{"id":9746,"date":"2025-07-23T01:00:06","date_gmt":"2025-07-23T04:00:06","guid":{"rendered":"https:\/\/futurofunsejem.org.br\/online\/?p=9746"},"modified":"2025-09-09T14:02:19","modified_gmt":"2025-09-09T17:02:19","slug":"novo-diretor-funsejem-defende-planejamento-e-equilibrio","status":"publish","type":"post","link":"https:\/\/futurofunsejem.org.br\/online\/novo-diretor-funsejem-defende-planejamento-e-equilibrio\/","title":{"rendered":"Novo diretor Funsejem"},"content":{"rendered":"<section class=\"wpb-content-wrapper\"><p>[vc_row][vc_column][vc_column_text]Em 1\u00ba de julho, <strong>Anderson Guimar\u00e3es<\/strong> assumiu as posi\u00e7\u00f5es de diretor-executivo e AETQ (Administrador Estatut\u00e1rio Tecnicamente Qualificado, para Investimentos) da Funsejem. O executivo iniciou o processo de transi\u00e7\u00e3o em abril, com o ent\u00e3o diretor e AETQ Jos\u00e9 Serafim de Freitas, que deixou a Funsejem ao final de junho, ap\u00f3s 39 anos de Votorantim.<\/p>\n<p>Graduado em Ci\u00eancias Atuariais, forma\u00e7\u00e3o espec\u00edfica para previd\u00eancia e seguro, Anderson tamb\u00e9m tem certifica\u00e7\u00e3o por experi\u00eancia com \u00eanfase em Gest\u00e3o de Investimentos, emitida pelo ICSS (Instituto de Certifica\u00e7\u00e3o dos Profissionais de Seguridade Social).<\/p>\n<p>Com ampla experi\u00eancia na gest\u00e3o de fundos de pens\u00e3o, adquirida em 31 anos de mercado, o novo diretor compartilha a seguir um pouco de sua trajet\u00f3ria profissional e perfil de vida.[\/vc_column_text][vc_empty_space][\/vc_column][\/vc_row][vc_row][vc_column width=&#8221;1\/2&#8243;][vc_column_text]<\/p>\n<h4><strong>O in\u00edcio de tudo<\/strong><\/h4>\n<p>Anderson come\u00e7ou a trabalhar muito cedo, aos 14 anos, em um banco ingl\u00eas. Aos 18 anos foi morar sozinho e ingressou no segmento de previd\u00eancia, na Funda\u00e7\u00e3o da Sabesp, a Sabesprev. \u201cL\u00e1, tinha um fornecedor que era atu\u00e1rio e consultor de fundo de pens\u00e3o. Ele conversava com todo mundo de igual para igual, e ningu\u00e9m fazia isso. Ele chegava no gerente de Finan\u00e7as e falava de Bolsa. J\u00e1 com o diretor de Seguridade, ele estudava o regulamento. Ent\u00e3o, meu pensamento foi: se ele consegue, eu consigo tamb\u00e9m.\u201d[\/vc_column_text][vc_empty_space height=&#8221;15px&#8221;][\/vc_column][vc_column width=&#8221;1\/2&#8243;][vc_single_image image=&#8221;9848&#8243; img_size=&#8221;full&#8221;][vc_empty_space][\/vc_column][\/vc_row][vc_row][vc_column][vc_column_text]A primeira \u00e1rea pela qual passou foi Atendimento. \u201cDepois fui para a \u00e1rea Financeira, trabalhei com Controladoria, Empr\u00e9stimo, Contas a Pagar e a Receber, e Investimentos, tudo em tr\u00eas anos\u201d.<\/p>\n<p>Aos 22 anos, Anderson se casou e passou a viver no Nordeste, onde ficou por tr\u00eas anos. \u201cFomos morar em Recife. Comecei a trabalhar em uma consultoria em previd\u00eancia, a Previtec, dando suporte do sistema para as regi\u00f5es Norte e Nordeste. Mas percebi que aquela forma de atuar n\u00e3o me faria crescer.\u201d[\/vc_column_text][vc_empty_space][\/vc_column][\/vc_row][vc_row][vc_column][vc_column_text]<\/p>\n<h4><strong>Atua\u00e7\u00e3o diversa<\/strong><\/h4>\n<p>A consultoria tinha escrit\u00f3rios no Rio de Janeiro e em S\u00e3o Paulo, para onde conseguiu se transferir. \u201cForam 20 anos entre Previtec e Ita\u00fa, pois em 2007 foi adquirida pelo Ita\u00fa. Nesses anos, passei por todas as \u00e1reas de um fundo de pens\u00e3o, at\u00e9 assumir a de Seguridade, na qual estudei regulamento, arrecada\u00e7\u00e3o, reserva matem\u00e1tica, cadastro e legisla\u00e7\u00e3o. Posteriormente, me tornei gerente executivo, e permaneci por l\u00e1 at\u00e9 2017.\u201d<\/p>\n<p>O passo seguinte de Anderson foi assumir a diretoria da Enerprev, fundo de pens\u00e3o do grupo EDP, onde ficou at\u00e9 mar\u00e7o de 2025. \u201cMinha trajet\u00f3ria \u00e9 de curiosidade, assumir desafios. E acabo de abra\u00e7ar mais um agora, que \u00e9 a Funsejem, um enorme desafio.\u201d<\/p>\n<p>Para esta nova etapa de sua carreira, o executivo conta com sua bagagem m\u00faltipla.[\/vc_column_text][vc_empty_space][\/vc_column][\/vc_row][vc_row][vc_column width=&#8221;1\/2&#8243;][vc_single_image image=&#8221;9796&#8243; img_size=&#8221;full&#8221;][vc_empty_space height=&#8221;15px&#8221;][\/vc_column][vc_column width=&#8221;1\/2&#8243;][vc_custom_heading text=&#8221;\u201cQuando voc\u00ea trabalha em uma consultoria, voc\u00ea conhece os diversos, pois atende in\u00fameras entidades. Se voc\u00ea est\u00e1 em uma mesma entidade, s\u00f3 conhece os problemas dela. Mas quando cuida de v\u00e1rias, conhece muitos profissionais diferentes e vai absorvendo os pr\u00f3s e contras de tudo, al\u00e9m das solu\u00e7\u00f5es. Voc\u00ea vai entendendo seus problemas. Ent\u00e3o, o que trago para a Funsejem \u00e9 essa experi\u00eancia de conhecer muitas realidades.\u201d&#8221; font_container=&#8221;tag:p|font_size:18|text_align:left|color:%230032a8&#8243; google_fonts=&#8221;font_family:Open%20Sans%3A300%2C300italic%2Cregular%2Citalic%2C600%2C600italic%2C700%2C700italic%2C800%2C800italic|font_style:400%20italic%3A400%3Aitalic&#8221;][\/vc_column][\/vc_row][vc_row][vc_column][vc_column_text]<\/p>\n<h4><strong>O brasileiro e a aposentadoria<\/strong><\/h4>\n<p>\u201cO brasileiro, por cultura, \u00e9 imediatista, nos falta muita educa\u00e7\u00e3o financeira. Por isso, \u00e9 muito dif\u00edcil falar de previd\u00eancia. A empresa oferece o benef\u00edcio, mas ele n\u00e3o \u00e9 imediato. Diferente de um plano de sa\u00fade. A previd\u00eancia \u00e9 para quando voc\u00ea sai da empresa. Ela te d\u00e1 qualidade de vida l\u00e1 na frente\u201d, diz Anderson ao comentar sobre o papel da previd\u00eancia complementar.[\/vc_column_text][vc_empty_space height=&#8221;15px&#8221;][vc_custom_heading text=&#8221;\u201cEu tenho uma tese, fiz um estudo. O INSS \u00e9 p\u00e9ssimo como provedor de renda. Uma pessoa que se aposentou com 60 anos, e hoje tem 80, ganha, no m\u00e1ximo, dois sal\u00e1rios-m\u00ednimos. Ela come\u00e7a ganhando o teto, mas a corre\u00e7\u00e3o ano a ano traz o benef\u00edcio para baixo. Ent\u00e3o \u00e9 uma quest\u00e3o financeira n\u00e3o depender s\u00f3 do INSS\u201d, afirma o executivo, que ressalta dois tipos de planejamento.&#8221; font_container=&#8221;tag:p|font_size:18|text_align:left|color:%230032a8&#8243; google_fonts=&#8221;font_family:Open%20Sans%3A300%2C300italic%2Cregular%2Citalic%2C600%2C600italic%2C700%2C700italic%2C800%2C800italic|font_style:400%20italic%3A400%3Aitalic&#8221;][vc_column_text]\u201cEu vejo duas pontas. Quando voc\u00ea fala em Funsejem, \u00e9 dinheiro, planejamento financeiro. O dinheiro n\u00e3o traz felicidade, mas a falta dele traz infelicidade. A aposentadoria \u00e9 o per\u00edodo da vida em que voc\u00ea mais precisa de dinheiro para cuidar da sua sa\u00fade\u201d, diz ele.<\/p>\n<p>\u201cA outra ponta tamb\u00e9m faz parte de planejamento. \u00c9 voc\u00ea cuidar da sa\u00fade, porque n\u00e3o adianta l\u00e1 na frente ter dinheiro s\u00f3 para pagar rem\u00e9dio, m\u00e9dico, fisioterapeuta e cuidador. Voc\u00ea tem que ter dinheiro para viver bem. Portanto, \u00e9 preciso se exercitar, se alimentar bem, ter condicionamento f\u00edsico desde agora\u201d, explica Anderson, que j\u00e1 vem fazendo a parte dele. \u201cA previd\u00eancia privada e a educa\u00e7\u00e3o financeira t\u00eam uma import\u00e2ncia grande na minha vida. Eu fa\u00e7o minhas reservas e cuido da minha sa\u00fade.\u201d[\/vc_column_text][vc_empty_space][\/vc_column][\/vc_row][vc_row][vc_column][vc_column_text]<\/p>\n<h4><strong>Planejamento financeiro familiar<\/strong><\/h4>\n<p>\u201cTenho 49 anos, sou casado h\u00e1 28, e tenho 2 filhos, um de 26 anos, e outro de 19. O mais velho \u00e9 economista e o mais novo faz veterin\u00e1ria. Sempre trouxe a quest\u00e3o da educa\u00e7\u00e3o financeira para eles, porque sou uma pessoa que gosta de equil\u00edbrio\u201d diz Anderson.[\/vc_column_text][vc_empty_space][\/vc_column][\/vc_row][vc_row][vc_column width=&#8221;1\/2&#8243;][vc_custom_heading text=&#8221;\u201cSe voc\u00ea gosta de viajar, por exemplo, vai deixar s\u00f3 para depois que se aposentar? Eu acho necess\u00e1rio se planejar para a aposentadoria, mas temos tamb\u00e9m que viver o agora. A fase p\u00f3s laboral \u00e9 uma continuidade da sua vida. O emprego \u00e9 um meio, n\u00e3o \u00e9 um fim, voc\u00ea trabalha para viver, e n\u00e3o vive para trabalhar\u201d, diz ele.&#8221; font_container=&#8221;tag:p|font_size:18|text_align:left|color:%230032a8&#8243; google_fonts=&#8221;font_family:Open%20Sans%3A300%2C300italic%2Cregular%2Citalic%2C600%2C600italic%2C700%2C700italic%2C800%2C800italic|font_style:400%20italic%3A400%3Aitalic&#8221;][\/vc_column][vc_column width=&#8221;1\/2&#8243;][vc_single_image image=&#8221;9797&#8243; img_size=&#8221;full&#8221;][vc_empty_space][\/vc_column][\/vc_row][vc_row][vc_column][vc_column_text]\u201cO que eu tentei ensinar para os meus filhos \u00e9 n\u00e3o viver em fun\u00e7\u00e3o de guardar dinheiro, mas se planejar. Tentei passar para eles esse equil\u00edbrio\u201d, diz. O executivo acredita que conseguiu mostrar aos filhos o qu\u00e3o fundamental \u00e9 se planejar, inclusive para n\u00e3o se perder financeiramente. \u201cA quest\u00e3o do endividamento \u00e9 uma coisa que precisa de muito cuidado. \u00c9 importante voc\u00ea conhecer as suas possibilidades, tomar decis\u00f5es, porque tudo s\u00e3o escolhas, n\u00e3o d\u00e1 pra ter tudo\u201d.[\/vc_column_text][vc_empty_space][\/vc_column][\/vc_row][vc_row][vc_column][vc_column_text]<\/p>\n<h4><strong>Recarregando as energias<\/strong><\/h4>\n<p>Anderson aproveita as horas vagas e finais de semana para descansar e estar com a fam\u00edlia. \u201cEu gosto de viajar, passear. Sou uma pessoa que gosta de sair de casa. Eu n\u00e3o sou daqueles que fica o dia inteiro dentro de casa assistindo s\u00e9rie. Meu neg\u00f3cio \u00e9 rua\u201d, diz ele.[\/vc_column_text][vc_empty_space][\/vc_column][\/vc_row][vc_row][vc_column width=&#8221;1\/2&#8243;][vc_single_image image=&#8221;9798&#8243; img_size=&#8221;full&#8221;][vc_empty_space height=&#8221;15px&#8221;][\/vc_column][vc_column width=&#8221;1\/2&#8243;][vc_column_text]\u201cEu gosto de carro, tecnologia, ler, sou um curioso nato. O meu filho est\u00e1 estudando intelig\u00eancia artificial, ent\u00e3o de vez quando eu vou l\u00e1 trocar umas ideias com ele\u201d.<\/p>\n<p>Viajar tamb\u00e9m est\u00e1 entre os prazeres do executivo. \u201cEu tento viajar pelo menos uma vez por ano. E acho que o planejar a viagem \u00e9 t\u00e3o legal quanto. \u00d3bvio que voc\u00ea n\u00e3o consegue viajar todo final de semana, mas consegue fazer algumas coisas. \u00c0s vezes saio de S\u00e3o Paulo, vou almo\u00e7ar em Minas Gerais, ou Bragan\u00e7a Paulista, Embu das Artes e volto.\u201d[\/vc_column_text][vc_empty_space][\/vc_column][\/vc_row][vc_row][vc_column][vc_column_text]<\/p>\n<h4><strong>\u00c9 preciso dar o primeiro passo<\/strong><\/h4>\n<p>Antes de encerrar a entrevista, Anderson refor\u00e7a a import\u00e2ncia de come\u00e7ar e de persistir no planejamento. \u201cParticipe do plano, comece com 1%. Sim, 1% de contribui\u00e7\u00e3o. Mas comece o quanto antes, porque o tempo conta muito. Quando voc\u00ea contribui no Votorantim Prev com \u201cx\u201d reais, n\u00e3o est\u00e3o saindo os \u201cx\u201d reais do seu or\u00e7amento, mas menos, porque uma parte disso j\u00e1 est\u00e1 sendo compensada pelo que voc\u00ea deixa de pagar de imposto de renda\u201d, explica ele, ao citar o incentivo fiscal a quem investe em previd\u00eancia (saiba mais no site da Funsejem, <a href=\"https:\/\/www.funsejem.org.br\/planos\/votorantim-prev#incentivo-fiscal\" target=\"_blank\" rel=\"noopener\"><strong>aqui<\/strong><\/a>).[\/vc_column_text][vc_empty_space][\/vc_column][\/vc_row][vc_row][vc_column width=&#8221;1\/2&#8243;][vc_custom_heading text=&#8221;\u201c\u00c9 preciso que voc\u00ea tamb\u00e9m explore o plano sempre. Mesmo que j\u00e1 seja nosso participante, voc\u00ea nunca vai conhec\u00ea-lo como um todo, suas op\u00e7\u00f5es e vantagens\u201d.&#8221; font_container=&#8221;tag:p|font_size:18|text_align:left|color:%230032a8&#8243; google_fonts=&#8221;font_family:Open%20Sans%3A300%2C300italic%2Cregular%2Citalic%2C600%2C600italic%2C700%2C700italic%2C800%2C800italic|font_style:400%20italic%3A400%3Aitalic&#8221;][vc_column_text]Anderson ainda recomenda conhecer a realidade de quem j\u00e1 pendurou as chuteiras. \u201cConverse com um aposentado de mais de 70 anos. Pergunte como \u00e9 a realidade financeira dele, para ver a import\u00e2ncia da complementa\u00e7\u00e3o de renda. Eu falo que previd\u00eancia privada \u00e9 um benef\u00edcio em que a empresa est\u00e1 olhando para voc\u00ea, porque voc\u00ea vai aproveit\u00e1-lo quando j\u00e1 n\u00e3o tiver mais trabalhando.\u201d[\/vc_column_text][vc_empty_space height=&#8221;15px&#8221;][\/vc_column][vc_column width=&#8221;1\/2&#8243;][vc_single_image image=&#8221;9799&#8243; img_size=&#8221;full&#8221;][vc_empty_space][\/vc_column][\/vc_row][vc_row][vc_column][vc_column_text]Por fim, o diretor orienta procurar a Funsejem. \u201cEstamos aqui para te orientar, esclarecer e mostrar quais op\u00e7\u00f5es voc\u00ea tem. Conte com a gente, vamos te ajudar nessa jornada e na execu\u00e7\u00e3o desse planejamento\u201d.<\/p>\n<p><a href=\"https:\/\/www.youtube.com\/watch?v=OJ6TEQX9MrY\" target=\"_blank\" rel=\"noopener\">Clique aqui<\/a> e ou\u00e7a o Podcast Funsejem com novo dirigente da entidade. Neste epis\u00f3dio, ele fala sobre a import\u00e2ncia e o papel da previd\u00eancia complementar corporativa nos dias de hoje.<\/p>\n<p>[\/vc_column_text][\/vc_column][\/vc_row]<\/p>\n<\/section>","protected":false},"excerpt":{"rendered":"<p>Cuidar do futuro sem deixar de viver o presente \u00e9 uma das metas do diretor e AETQ Anderson Guimar\u00e3es.<\/p>\n","protected":false},"author":7,"featured_media":9870,"comment_status":"open","ping_status":"open","sticky":false,"template":"","format":"standard","meta":{"footnotes":""},"categories":[7,123,124],"tags":[14,55],"class_list":["post-9746","post","type-post","status-publish","format-standard","has-post-thumbnail","hentry","category-depoimentos","category-edicao-143","category-perfil","tag-investimentos","tag-participantes"],"acf":[],"yoast_head":"<!-- This site is optimized with the Yoast SEO plugin v20.8 - https:\/\/yoast.com\/wordpress\/plugins\/seo\/ -->\n<title>Novo diretor Funsejem: planejamento e equil\u00edbrio | Futuro On-line<\/title>\n<meta name=\"description\" content=\"Novo diretor-executivo da Funsejem fala sobre o imediatismo do brasileiro quando o assunto \u00e9 previd\u00eancia privada.\" \/>\n<meta name=\"robots\" content=\"index, follow, max-snippet:-1, max-image-preview:large, max-video-preview:-1\" \/>\n<link rel=\"canonical\" href=\"https:\/\/futurofunsejem.org.br\/online\/novo-diretor-funsejem-defende-planejamento-e-equilibrio\/\" \/>\n<meta property=\"og:locale\" content=\"pt_BR\" \/>\n<meta property=\"og:type\" content=\"article\" \/>\n<meta property=\"og:title\" content=\"Novo diretor Funsejem: planejamento e equil\u00edbrio | Futuro On-line\" \/>\n<meta property=\"og:description\" content=\"Novo diretor-executivo da Funsejem fala sobre o imediatismo do brasileiro quando o assunto \u00e9 previd\u00eancia privada.\" \/>\n<meta property=\"og:url\" content=\"https:\/\/futurofunsejem.org.br\/online\/novo-diretor-funsejem-defende-planejamento-e-equilibrio\/\" \/>\n<meta property=\"og:site_name\" content=\"Futuro On-line\" \/>\n<meta property=\"article:published_time\" content=\"2025-07-23T04:00:06+00:00\" \/>\n<meta property=\"article:modified_time\" content=\"2025-09-09T17:02:19+00:00\" \/>\n<meta property=\"og:image\" content=\"https:\/\/futurofunsejem.org.br\/online\/wp-content\/uploads\/2025\/07\/147-perfil-1920x1080px-copy-2.jpg\" \/>\n\t<meta property=\"og:image:width\" content=\"1920\" \/>\n\t<meta property=\"og:image:height\" content=\"1080\" \/>\n\t<meta property=\"og:image:type\" content=\"image\/jpeg\" \/>\n<meta name=\"author\" content=\"Futuro On-line\" \/>\n<meta name=\"twitter:card\" content=\"summary_large_image\" \/>\n<meta name=\"twitter:label1\" content=\"Escrito por\" \/>\n\t<meta name=\"twitter:data1\" content=\"Futuro On-line\" \/>\n\t<meta name=\"twitter:label2\" content=\"Est. tempo de leitura\" \/>\n\t<meta name=\"twitter:data2\" content=\"8 minutos\" \/>\n<script type=\"application\/ld+json\" class=\"yoast-schema-graph\">{\"@context\":\"https:\/\/schema.org\",\"@graph\":[{\"@type\":\"WebPage\",\"@id\":\"https:\/\/futurofunsejem.org.br\/online\/novo-diretor-funsejem-defende-planejamento-e-equilibrio\/\",\"url\":\"https:\/\/futurofunsejem.org.br\/online\/novo-diretor-funsejem-defende-planejamento-e-equilibrio\/\",\"name\":\"Novo diretor Funsejem: planejamento e equil\u00edbrio | Futuro On-line\",\"isPartOf\":{\"@id\":\"https:\/\/futurofunsejem.org.br\/online\/#website\"},\"datePublished\":\"2025-07-23T04:00:06+00:00\",\"dateModified\":\"2025-09-09T17:02:19+00:00\",\"author\":{\"@id\":\"https:\/\/futurofunsejem.org.br\/online\/#\/schema\/person\/e610ccd4d289071402e2ea074f8f3906\"},\"description\":\"Novo diretor-executivo da Funsejem fala sobre o imediatismo do brasileiro quando o assunto \u00e9 previd\u00eancia privada.\",\"breadcrumb\":{\"@id\":\"https:\/\/futurofunsejem.org.br\/online\/novo-diretor-funsejem-defende-planejamento-e-equilibrio\/#breadcrumb\"},\"inLanguage\":\"pt-BR\",\"potentialAction\":[{\"@type\":\"ReadAction\",\"target\":[\"https:\/\/futurofunsejem.org.br\/online\/novo-diretor-funsejem-defende-planejamento-e-equilibrio\/\"]}]},{\"@type\":\"BreadcrumbList\",\"@id\":\"https:\/\/futurofunsejem.org.br\/online\/novo-diretor-funsejem-defende-planejamento-e-equilibrio\/#breadcrumb\",\"itemListElement\":[{\"@type\":\"ListItem\",\"position\":1,\"name\":\"In\u00edcio\",\"item\":\"https:\/\/futurofunsejem.org.br\/online\/\"},{\"@type\":\"ListItem\",\"position\":2,\"name\":\"Novo diretor Funsejem\"}]},{\"@type\":\"WebSite\",\"@id\":\"https:\/\/futurofunsejem.org.br\/online\/#website\",\"url\":\"https:\/\/futurofunsejem.org.br\/online\/\",\"name\":\"Futuro On-line\",\"description\":\"O jornal Futuro, informativo da Funsejem, \u00e9 uma publica\u00e7\u00e3o bimestral divulgada nas empresas da Votorantim, patrocinadoras da Funda\u00e7\u00e3o, e aos participantes autopatrocinados, vinculados e aposentados pelo plano.\",\"potentialAction\":[{\"@type\":\"SearchAction\",\"target\":{\"@type\":\"EntryPoint\",\"urlTemplate\":\"https:\/\/futurofunsejem.org.br\/online\/?s={search_term_string}\"},\"query-input\":\"required name=search_term_string\"}],\"inLanguage\":\"pt-BR\"},{\"@type\":\"Person\",\"@id\":\"https:\/\/futurofunsejem.org.br\/online\/#\/schema\/person\/e610ccd4d289071402e2ea074f8f3906\",\"name\":\"Futuro On-line\",\"image\":{\"@type\":\"ImageObject\",\"inLanguage\":\"pt-BR\",\"@id\":\"https:\/\/futurofunsejem.org.br\/online\/#\/schema\/person\/image\/\",\"url\":\"https:\/\/secure.gravatar.com\/avatar\/bc77d2036e11927570b7c9cd87e39b76289d226ab85a86b2cd39e426b1bcceca?s=96&d=mm&r=g\",\"contentUrl\":\"https:\/\/secure.gravatar.com\/avatar\/bc77d2036e11927570b7c9cd87e39b76289d226ab85a86b2cd39e426b1bcceca?s=96&d=mm&r=g\",\"caption\":\"Futuro On-line\"},\"url\":\"https:\/\/futurofunsejem.org.br\/online\/author\/arvoreazul\/\"}]}<\/script>\n<!-- \/ Yoast SEO plugin. -->","yoast_head_json":{"title":"Novo diretor Funsejem: planejamento e equil\u00edbrio | Futuro On-line","description":"Novo diretor-executivo da Funsejem fala sobre o imediatismo do brasileiro quando o assunto \u00e9 previd\u00eancia privada.","robots":{"index":"index","follow":"follow","max-snippet":"max-snippet:-1","max-image-preview":"max-image-preview:large","max-video-preview":"max-video-preview:-1"},"canonical":"https:\/\/futurofunsejem.org.br\/online\/novo-diretor-funsejem-defende-planejamento-e-equilibrio\/","og_locale":"pt_BR","og_type":"article","og_title":"Novo diretor Funsejem: planejamento e equil\u00edbrio | Futuro On-line","og_description":"Novo diretor-executivo da Funsejem fala sobre o imediatismo do brasileiro quando o assunto \u00e9 previd\u00eancia privada.","og_url":"https:\/\/futurofunsejem.org.br\/online\/novo-diretor-funsejem-defende-planejamento-e-equilibrio\/","og_site_name":"Futuro On-line","article_published_time":"2025-07-23T04:00:06+00:00","article_modified_time":"2025-09-09T17:02:19+00:00","og_image":[{"width":1920,"height":1080,"url":"https:\/\/futurofunsejem.org.br\/online\/wp-content\/uploads\/2025\/07\/147-perfil-1920x1080px-copy-2.jpg","type":"image\/jpeg"}],"author":"Futuro On-line","twitter_card":"summary_large_image","twitter_misc":{"Escrito por":"Futuro On-line","Est. tempo de leitura":"8 minutos"},"schema":{"@context":"https:\/\/schema.org","@graph":[{"@type":"WebPage","@id":"https:\/\/futurofunsejem.org.br\/online\/novo-diretor-funsejem-defende-planejamento-e-equilibrio\/","url":"https:\/\/futurofunsejem.org.br\/online\/novo-diretor-funsejem-defende-planejamento-e-equilibrio\/","name":"Novo diretor Funsejem: planejamento e equil\u00edbrio | Futuro On-line","isPartOf":{"@id":"https:\/\/futurofunsejem.org.br\/online\/#website"},"datePublished":"2025-07-23T04:00:06+00:00","dateModified":"2025-09-09T17:02:19+00:00","author":{"@id":"https:\/\/futurofunsejem.org.br\/online\/#\/schema\/person\/e610ccd4d289071402e2ea074f8f3906"},"description":"Novo diretor-executivo da Funsejem fala sobre o imediatismo do brasileiro quando o assunto \u00e9 previd\u00eancia privada.","breadcrumb":{"@id":"https:\/\/futurofunsejem.org.br\/online\/novo-diretor-funsejem-defende-planejamento-e-equilibrio\/#breadcrumb"},"inLanguage":"pt-BR","potentialAction":[{"@type":"ReadAction","target":["https:\/\/futurofunsejem.org.br\/online\/novo-diretor-funsejem-defende-planejamento-e-equilibrio\/"]}]},{"@type":"BreadcrumbList","@id":"https:\/\/futurofunsejem.org.br\/online\/novo-diretor-funsejem-defende-planejamento-e-equilibrio\/#breadcrumb","itemListElement":[{"@type":"ListItem","position":1,"name":"In\u00edcio","item":"https:\/\/futurofunsejem.org.br\/online\/"},{"@type":"ListItem","position":2,"name":"Novo diretor Funsejem"}]},{"@type":"WebSite","@id":"https:\/\/futurofunsejem.org.br\/online\/#website","url":"https:\/\/futurofunsejem.org.br\/online\/","name":"Futuro On-line","description":"O jornal Futuro, informativo da Funsejem, \u00e9 uma publica\u00e7\u00e3o bimestral divulgada nas empresas da Votorantim, patrocinadoras da Funda\u00e7\u00e3o, e aos participantes autopatrocinados, vinculados e aposentados pelo plano.","potentialAction":[{"@type":"SearchAction","target":{"@type":"EntryPoint","urlTemplate":"https:\/\/futurofunsejem.org.br\/online\/?s={search_term_string}"},"query-input":"required name=search_term_string"}],"inLanguage":"pt-BR"},{"@type":"Person","@id":"https:\/\/futurofunsejem.org.br\/online\/#\/schema\/person\/e610ccd4d289071402e2ea074f8f3906","name":"Futuro On-line","image":{"@type":"ImageObject","inLanguage":"pt-BR","@id":"https:\/\/futurofunsejem.org.br\/online\/#\/schema\/person\/image\/","url":"https:\/\/secure.gravatar.com\/avatar\/bc77d2036e11927570b7c9cd87e39b76289d226ab85a86b2cd39e426b1bcceca?s=96&d=mm&r=g","contentUrl":"https:\/\/secure.gravatar.com\/avatar\/bc77d2036e11927570b7c9cd87e39b76289d226ab85a86b2cd39e426b1bcceca?s=96&d=mm&r=g","caption":"Futuro On-line"},"url":"https:\/\/futurofunsejem.org.br\/online\/author\/arvoreazul\/"}]}},"_links":{"self":[{"href":"https:\/\/futurofunsejem.org.br\/online\/wp-json\/wp\/v2\/posts\/9746","targetHints":{"allow":["GET"]}}],"collection":[{"href":"https:\/\/futurofunsejem.org.br\/online\/wp-json\/wp\/v2\/posts"}],"about":[{"href":"https:\/\/futurofunsejem.org.br\/online\/wp-json\/wp\/v2\/types\/post"}],"author":[{"embeddable":true,"href":"https:\/\/futurofunsejem.org.br\/online\/wp-json\/wp\/v2\/users\/7"}],"replies":[{"embeddable":true,"href":"https:\/\/futurofunsejem.org.br\/online\/wp-json\/wp\/v2\/comments?post=9746"}],"version-history":[{"count":18,"href":"https:\/\/futurofunsejem.org.br\/online\/wp-json\/wp\/v2\/posts\/9746\/revisions"}],"predecessor-version":[{"id":9872,"href":"https:\/\/futurofunsejem.org.br\/online\/wp-json\/wp\/v2\/posts\/9746\/revisions\/9872"}],"wp:featuredmedia":[{"embeddable":true,"href":"https:\/\/futurofunsejem.org.br\/online\/wp-json\/wp\/v2\/media\/9870"}],"wp:attachment":[{"href":"https:\/\/futurofunsejem.org.br\/online\/wp-json\/wp\/v2\/media?parent=9746"}],"wp:term":[{"taxonomy":"category","embeddable":true,"href":"https:\/\/futurofunsejem.org.br\/online\/wp-json\/wp\/v2\/categories?post=9746"},{"taxonomy":"post_tag","embeddable":true,"href":"https:\/\/futurofunsejem.org.br\/online\/wp-json\/wp\/v2\/tags?post=9746"}],"curies":[{"name":"wp","href":"https:\/\/api.w.org\/{rel}","templated":true}]}}