{"id":9875,"date":"2025-07-23T02:00:10","date_gmt":"2025-07-23T05:00:10","guid":{"rendered":"https:\/\/futurofunsejem.org.br\/online\/?p=9875"},"modified":"2025-09-09T13:59:05","modified_gmt":"2025-09-09T16:59:05","slug":"funsejem-propoe-novo-regulamento-ao-votorantim-prev-e-ao-vcne","status":"publish","type":"post","link":"https:\/\/futurofunsejem.org.br\/online\/funsejem-propoe-novo-regulamento-ao-votorantim-prev-e-ao-vcne\/","title":{"rendered":"Funsejem prop\u00f5e novo regulamento aos planos"},"content":{"rendered":"<section class=\"wpb-content-wrapper\"><p>[vc_row][vc_column][vc_column_text]A Funsejem atuou nos \u00faltimos meses na revis\u00e3o dos regulamentos dos planos de previd\u00eancia Votorantim Prev e VCNE (fechado para novas ades\u00f5es). O resultado deste trabalho, j\u00e1 aprovado pela Diretoria-Executiva e Conselho Deliberativo, inclui propostas de altera\u00e7\u00f5es que v\u00e3o desde adequa\u00e7\u00f5es redacionais e de processos, como a ades\u00e3o autom\u00e1tica ao plano Votorantim Prev, principal novidade.[\/vc_column_text][vc_empty_space][\/vc_column][\/vc_row][vc_row][vc_column][vc_column_text]<\/p>\n<h4><strong>Fomento e simplicidade na inscri\u00e7\u00e3o\u00a0 <\/strong><\/h4>\n<p>A ades\u00e3o autom\u00e1tica \u00e9 um mecanismo de entrada facilitada em planos de previd\u00eancia, j\u00e1 praticada nos fundos de pens\u00e3o do setor p\u00fablico aqui no Brasil h\u00e1 alguns anos, e na previd\u00eancia complementar de outros pa\u00edses. Para as funda\u00e7\u00f5es do setor privado brasileiro, a modalidade foi regulamentada no ano passado (Res. n\u00ba 60, 27\/02\/24), com o objetivo de expandir a um maior n\u00famero de pessoas os benef\u00edcios desta ades\u00e3o, dentre os quais:[\/vc_column_text][vc_empty_space][\/vc_column][\/vc_row][vc_row][vc_column width=&#8221;1\/4&#8243;][vc_single_image image=&#8221;9885&#8243; img_size=&#8221;full&#8221;][vc_empty_space height=&#8221;15px&#8221;][\/vc_column][vc_column width=&#8221;3\/4&#8243;][vc_column_text]<\/p>\n<ul>\n<li>Facilitar o acesso do novo empregado ao plano, sem a necessidade de um processo burocr\u00e1tico, que muitas vezes desestimula a ades\u00e3o ao benef\u00edcio;<\/li>\n<li>Evitar a posterga\u00e7\u00e3o da inscri\u00e7\u00e3o e at\u00e9 mesmo o esquecimento, comum na admiss\u00e3o, considerando a quantidade de decis\u00f5es e informa\u00e7\u00f5es oferecidas ao empregado neste momento;<\/li>\n<li>Fomentar a poupan\u00e7a previdenci\u00e1ria de longo prazo, t\u00e3o fundamental \u00e0 seguran\u00e7a financeira na aposentadoria, j\u00e1 que o benef\u00edcio do INSS sozinho \u00e9 incapaz de suprir todas as necessidades financeiras desta fase;<\/li>\n<li>Aumentar a participa\u00e7\u00e3o no benef\u00edcio de previd\u00eancia oferecido pela empresa, influenciando uma mudan\u00e7a positiva de comportamento, mas sem ferir a liberdade de autonomia e escolha do empregado, visto que lhe \u00e9 permitido solicitar a sa\u00edda do plano em at\u00e9 4 meses ap\u00f3s a inscri\u00e7\u00e3o autom\u00e1tica.<\/li>\n<\/ul>\n<p>[\/vc_column_text][vc_empty_space][\/vc_column][\/vc_row][vc_row][vc_column][vc_column_text]<\/p>\n<h4><strong>Ades\u00e3o autom\u00e1tica na pr\u00e1tica<\/strong><\/h4>\n<p>A ades\u00e3o autom\u00e1tica entrar\u00e1 exclusivamente no regulamento do Votorantim Prev, j\u00e1 que o VCNE est\u00e1 fechado para novas inscri\u00e7\u00f5es. E ela funcionar\u00e1, na verdade, como uma previs\u00e3o, para que apenas as empresas patrocinadoras interessadas a adotem. Ainda assim, este interesse precisar\u00e1 ser formalizado, por meio de um processo apartado e espec\u00edfico, que s\u00f3 poder\u00e1 ocorrer depois da aprova\u00e7\u00e3o do novo regulamento pela Previc (Superintend\u00eancia Nacional de Previd\u00eancia Complementar).<\/p>\n<p>Outro ponto importante a refor\u00e7ar \u00e9 que a ades\u00e3o autom\u00e1tica, quando aplicada pelas empresas, valer\u00e1 somente aos novos empregados admitidos. Ou seja, ela n\u00e3o se estender\u00e1 aos empregados que j\u00e1 est\u00e3o nas empresas e n\u00e3o participam do plano Votorantim Prev. Para estas pessoas, a entrada no plano continuar\u00e1 da forma atual, realizada pelo pr\u00f3prio empregado, no momento que desejar.<\/p>\n<h4><strong>Altera\u00e7\u00f5es gerais: Votorantim Prev e VCNE<\/strong><\/h4>\n<p>A maior parte das mudan\u00e7as propostas aos regulamentos vigentes do Votorantim Prev e do VCNE volta-se a: ajustes redacionais para maior clareza ao conte\u00fado de texto, al\u00e9m de adequa\u00e7\u00e3o e simplifica\u00e7\u00e3o de alguns processos. Clique sobre seu plano e confira as principais altera\u00e7\u00f5es.[\/vc_column_text][vc_empty_space][\/vc_column][\/vc_row][vc_row][vc_column width=&#8221;1\/2&#8243;][vc_single_image image=&#8221;9886&#8243; img_size=&#8221;full&#8221; alignment=&#8221;center&#8221;][vc_empty_space height=&#8221;15px&#8221;][vc_tta_accordion title_tag=&#8221;p&#8221; section_title_tag=&#8221;p&#8221; color=&#8221;blue&#8221; active_section=&#8221;100&#8243; collapsible_all=&#8221;true&#8221;][vc_tta_section title=&#8221;Ades\u00e3o autom\u00e1tica&#8221; tab_id=&#8221;1753279005713-2b68d29a-eb2b&#8221;][vc_column_text]O regulamento contemplar\u00e1 a previs\u00e3o da ades\u00e3o autom\u00e1tica, a se dar no momento da admiss\u00e3o do empregado na empresa. A novidade \u00e9 exclusiva \u00e0s empresas que formalizarem interesse ap\u00f3s a aprova\u00e7\u00e3o das altera\u00e7\u00f5es gerais no regulamento, e somente aos novos admitidos. O porcentual m\u00ednimo da contribui\u00e7\u00e3o autom\u00e1tica definido foi de 1%. Aos atuais empregados n\u00e3o participantes do plano prevalecer\u00e1 a ades\u00e3o volunt\u00e1ria, a qualquer momento.[\/vc_column_text][\/vc_tta_section][vc_tta_section title=&#8221;Aposentadoria&#8221; tab_id=&#8221;1753279005727-6a63088d-28b9&#8243;][vc_column_text]A idade da aposentadoria normal pelo plano passa a ser 60 anos, e n\u00e3o mais 70 anos. Vale lembrar que o plano continua a oferecer a aposentadoria antecipada, com a qual \u00e9 poss\u00edvel se aposentar a partir dos 53 anos.[\/vc_column_text][\/vc_tta_section][vc_tta_section title=&#8221;Benef\u00edcio por invalidez&#8221; tab_id=&#8221;1753279204447-c93e6a6e-c565&#8243;][vc_column_text]Ter\u00e1 direito a este benef\u00edcio apenas o participante que comprovar o recebimento do benef\u00edcio por invalidez do INSS.[\/vc_column_text][\/vc_tta_section][vc_tta_section title=&#8221;V\u00ednculo \u00fanico ao plano&#8221; tab_id=&#8221;1753279237339-a23d7045-c1d2&#8243;][vc_column_text]O ex-empregado que estiver participando do Votorantim Prev como autopatrocinado (ou seja, realizando aportes mensais) ou vinculado (que n\u00e3o realiza aportes mensais, s\u00f3 dep\u00f3sitos eventuais, se desejar), e que for (re)admitido por uma empresa patrocinadora da Funsejem, ter\u00e1 o v\u00ednculo unificado no plano, e ficar\u00e1 como participante ativo.[\/vc_column_text][\/vc_tta_section][\/vc_tta_accordion][vc_empty_space][\/vc_column][vc_column width=&#8221;1\/2&#8243;][vc_single_image image=&#8221;9887&#8243; img_size=&#8221;full&#8221; alignment=&#8221;center&#8221;][vc_empty_space height=&#8221;15px&#8221;][vc_tta_accordion title_tag=&#8221;p&#8221; section_title_tag=&#8221;p&#8221; color=&#8221;turquoise&#8221; active_section=&#8221;100&#8243; collapsible_all=&#8221;true&#8221;][vc_tta_section title=&#8221;Aposentadoria&#8221; tab_id=&#8221;1753279533485-10c46f94-eec1&#8243;][vc_column_text]A idade da aposentadoria normal pelo plano passa a ser 60 anos, e n\u00e3o mais 70 anos. Vale lembrar que o plano continua a oferecer a aposentadoria antecipada, com a qual \u00e9 poss\u00edvel se aposentar a partir dos 55 anos.[\/vc_column_text][\/vc_tta_section][vc_tta_section title=&#8221;Benef\u00edcio por invalidez&#8221; tab_id=&#8221;1753279533505-553fe2dd-2b3b&#8221;][vc_column_text]Ter\u00e1 direito a este benef\u00edcio apenas o participante que comprovar o recebimento do benef\u00edcio por invalidez do INSS.[\/vc_column_text][\/vc_tta_section][vc_tta_section title=&#8221;Indica\u00e7\u00e3o de benefici\u00e1rios para renda vital\u00edcia&#8221; tab_id=&#8221;1753279533525-1d97046a-b2ce&#8221;][vc_column_text]Aposentados com renda vital\u00edcia que queiram incluir e\/ou alterar os benefici\u00e1rios dever\u00e3o realizar o aporte do valor necess\u00e1rio para a cobertura ou recomposi\u00e7\u00e3o da reserva matem\u00e1tica, ou optar pelo rec\u00e1lculo do benef\u00edcio. Os novos valores ser\u00e3o calculados considerando as novas condi\u00e7\u00f5es atuariais.[\/vc_column_text][\/vc_tta_section][\/vc_tta_accordion][\/vc_column][\/vc_row][vc_row][vc_column][vc_column_text]<\/p>\n<h4><strong>Cronograma<\/strong><\/h4>\n<p>O Conselho Deliberativo da Funsejem aprovou no dia 30 de junho as altera\u00e7\u00f5es para o Votorantim Prev e o VCNE, desenvolvidas pela Diretoria. O pr\u00f3ximo passo \u00e9 submeter os novos regulamentos dos planos \u00e0 aprova\u00e7\u00e3o da Previc (Superintend\u00eancia Nacional de Previd\u00eancia Complementar), o que est\u00e1 previsto para ocorrer em 29 de agosto. Esta janela de 30 dias \u00e9 uma exig\u00eancia legal. Trata-se de um per\u00edodo para que os participantes e patrocinadoras tenham conhecimento e se manifestem, caso queiram, sobre as mudan\u00e7as sugeridas.<\/p>\n<p>A Superintend\u00eancia tem 55 dias \u00fateis para responder \u00e0 Funsejem, contados da data em que recebe os novos regulamentos da entidade, para ent\u00e3o aprovar o conte\u00fado enviado ou solicitar poss\u00edveis ajustes. Os novos regulamentos s\u00f3 passam a valer com a aprova\u00e7\u00e3o da Previc.[\/vc_column_text][vc_empty_space][\/vc_column][\/vc_row][vc_row][vc_column][vc_column_text]<\/p>\n<h4><strong>Regulamento atual X proposto<\/strong><\/h4>\n<p>Para consultar a \u00edntegra das altera\u00e7\u00f5es dos planos Votorantim Prev e VCNE, a Funsejem preparou e publicou arquivos com a reda\u00e7\u00e3o vigente, lado a lado \u00e0 reda\u00e7\u00e3o proposta. Estes quadros comparativos est\u00e3o no site da entidade. Acesse a \u00e1rea de regulamentos <a href=\"https:\/\/www.funsejem.org.br\/resolva-aqui#lista-regulamentos\" target=\"_blank\" rel=\"noopener\">aqui<\/a>, clique sobre o seu plano e confira.[\/vc_column_text][\/vc_column][\/vc_row]<\/p>\n<\/section>","protected":false},"excerpt":{"rendered":"<p>Altera\u00e7\u00f5es incluem a ades\u00e3o autom\u00e1tica ao Votorantim Prev.<\/p>\n","protected":false},"author":7,"featured_media":9894,"comment_status":"open","ping_status":"open","sticky":false,"template":"","format":"standard","meta":{"footnotes":""},"categories":[123,20,17],"tags":[37,55,66,64,54],"class_list":["post-9875","post","type-post","status-publish","format-standard","has-post-thumbnail","hentry","category-edicao-143","category-por-dentro-do-plano","category-voce-funsejem","tag-aposentadoria","tag-participantes","tag-portabilidade","tag-previc","tag-previdencia"],"acf":[],"yoast_head":"<!-- This site is optimized with the Yoast SEO plugin v20.8 - https:\/\/yoast.com\/wordpress\/plugins\/seo\/ -->\n<title>Funsejem prop\u00f5e novo regulamento ao Votorantim Prev e ao VCNE | Futuro On-line<\/title>\n<meta name=\"description\" content=\"Altera\u00e7\u00f5es incluem a ades\u00e3o autom\u00e1tica ao Votorantim Prev, v\u00e1lida a novos empregados admitidos pelas empresas interessadas em adot\u00e1-la.\" \/>\n<meta name=\"robots\" content=\"index, follow, max-snippet:-1, max-image-preview:large, max-video-preview:-1\" \/>\n<link rel=\"canonical\" href=\"https:\/\/futurofunsejem.org.br\/online\/funsejem-propoe-novo-regulamento-ao-votorantim-prev-e-ao-vcne\/\" \/>\n<meta property=\"og:locale\" content=\"pt_BR\" \/>\n<meta property=\"og:type\" content=\"article\" \/>\n<meta property=\"og:title\" content=\"Funsejem prop\u00f5e novo regulamento ao Votorantim Prev e ao VCNE | Futuro On-line\" \/>\n<meta property=\"og:description\" content=\"Altera\u00e7\u00f5es incluem a ades\u00e3o autom\u00e1tica ao Votorantim Prev, v\u00e1lida a novos empregados admitidos pelas empresas interessadas em adot\u00e1-la.\" \/>\n<meta property=\"og:url\" content=\"https:\/\/futurofunsejem.org.br\/online\/funsejem-propoe-novo-regulamento-ao-votorantim-prev-e-ao-vcne\/\" \/>\n<meta property=\"og:site_name\" content=\"Futuro On-line\" \/>\n<meta property=\"article:published_time\" content=\"2025-07-23T05:00:10+00:00\" \/>\n<meta property=\"article:modified_time\" content=\"2025-09-09T16:59:05+00:00\" \/>\n<meta property=\"og:image\" content=\"https:\/\/futurofunsejem.org.br\/online\/wp-content\/uploads\/2025\/07\/143-alteracaoplanos-1920x1080px-copy-4.jpg\" \/>\n\t<meta property=\"og:image:width\" content=\"1920\" \/>\n\t<meta property=\"og:image:height\" content=\"1080\" \/>\n\t<meta property=\"og:image:type\" content=\"image\/jpeg\" \/>\n<meta name=\"author\" content=\"Futuro On-line\" \/>\n<meta name=\"twitter:card\" content=\"summary_large_image\" \/>\n<meta name=\"twitter:label1\" content=\"Escrito por\" \/>\n\t<meta name=\"twitter:data1\" content=\"Futuro On-line\" \/>\n\t<meta name=\"twitter:label2\" content=\"Est. tempo de leitura\" \/>\n\t<meta name=\"twitter:data2\" content=\"6 minutos\" \/>\n<script type=\"application\/ld+json\" class=\"yoast-schema-graph\">{\"@context\":\"https:\/\/schema.org\",\"@graph\":[{\"@type\":\"WebPage\",\"@id\":\"https:\/\/futurofunsejem.org.br\/online\/funsejem-propoe-novo-regulamento-ao-votorantim-prev-e-ao-vcne\/\",\"url\":\"https:\/\/futurofunsejem.org.br\/online\/funsejem-propoe-novo-regulamento-ao-votorantim-prev-e-ao-vcne\/\",\"name\":\"Funsejem prop\u00f5e novo regulamento ao Votorantim Prev e ao VCNE | Futuro On-line\",\"isPartOf\":{\"@id\":\"https:\/\/futurofunsejem.org.br\/online\/#website\"},\"datePublished\":\"2025-07-23T05:00:10+00:00\",\"dateModified\":\"2025-09-09T16:59:05+00:00\",\"author\":{\"@id\":\"https:\/\/futurofunsejem.org.br\/online\/#\/schema\/person\/e610ccd4d289071402e2ea074f8f3906\"},\"description\":\"Altera\u00e7\u00f5es incluem a ades\u00e3o autom\u00e1tica ao Votorantim Prev, v\u00e1lida a novos empregados admitidos pelas empresas interessadas em adot\u00e1-la.\",\"breadcrumb\":{\"@id\":\"https:\/\/futurofunsejem.org.br\/online\/funsejem-propoe-novo-regulamento-ao-votorantim-prev-e-ao-vcne\/#breadcrumb\"},\"inLanguage\":\"pt-BR\",\"potentialAction\":[{\"@type\":\"ReadAction\",\"target\":[\"https:\/\/futurofunsejem.org.br\/online\/funsejem-propoe-novo-regulamento-ao-votorantim-prev-e-ao-vcne\/\"]}]},{\"@type\":\"BreadcrumbList\",\"@id\":\"https:\/\/futurofunsejem.org.br\/online\/funsejem-propoe-novo-regulamento-ao-votorantim-prev-e-ao-vcne\/#breadcrumb\",\"itemListElement\":[{\"@type\":\"ListItem\",\"position\":1,\"name\":\"In\u00edcio\",\"item\":\"https:\/\/futurofunsejem.org.br\/online\/\"},{\"@type\":\"ListItem\",\"position\":2,\"name\":\"Funsejem prop\u00f5e novo regulamento aos planos\"}]},{\"@type\":\"WebSite\",\"@id\":\"https:\/\/futurofunsejem.org.br\/online\/#website\",\"url\":\"https:\/\/futurofunsejem.org.br\/online\/\",\"name\":\"Futuro On-line\",\"description\":\"O jornal Futuro, informativo da Funsejem, \u00e9 uma publica\u00e7\u00e3o bimestral divulgada nas empresas da Votorantim, patrocinadoras da Funda\u00e7\u00e3o, e aos participantes autopatrocinados, vinculados e aposentados pelo plano.\",\"potentialAction\":[{\"@type\":\"SearchAction\",\"target\":{\"@type\":\"EntryPoint\",\"urlTemplate\":\"https:\/\/futurofunsejem.org.br\/online\/?s={search_term_string}\"},\"query-input\":\"required name=search_term_string\"}],\"inLanguage\":\"pt-BR\"},{\"@type\":\"Person\",\"@id\":\"https:\/\/futurofunsejem.org.br\/online\/#\/schema\/person\/e610ccd4d289071402e2ea074f8f3906\",\"name\":\"Futuro On-line\",\"image\":{\"@type\":\"ImageObject\",\"inLanguage\":\"pt-BR\",\"@id\":\"https:\/\/futurofunsejem.org.br\/online\/#\/schema\/person\/image\/\",\"url\":\"https:\/\/secure.gravatar.com\/avatar\/bc77d2036e11927570b7c9cd87e39b76289d226ab85a86b2cd39e426b1bcceca?s=96&d=mm&r=g\",\"contentUrl\":\"https:\/\/secure.gravatar.com\/avatar\/bc77d2036e11927570b7c9cd87e39b76289d226ab85a86b2cd39e426b1bcceca?s=96&d=mm&r=g\",\"caption\":\"Futuro On-line\"},\"url\":\"https:\/\/futurofunsejem.org.br\/online\/author\/arvoreazul\/\"}]}<\/script>\n<!-- \/ Yoast SEO plugin. -->","yoast_head_json":{"title":"Funsejem prop\u00f5e novo regulamento ao Votorantim Prev e ao VCNE | Futuro On-line","description":"Altera\u00e7\u00f5es incluem a ades\u00e3o autom\u00e1tica ao Votorantim Prev, v\u00e1lida a novos empregados admitidos pelas empresas interessadas em adot\u00e1-la.","robots":{"index":"index","follow":"follow","max-snippet":"max-snippet:-1","max-image-preview":"max-image-preview:large","max-video-preview":"max-video-preview:-1"},"canonical":"https:\/\/futurofunsejem.org.br\/online\/funsejem-propoe-novo-regulamento-ao-votorantim-prev-e-ao-vcne\/","og_locale":"pt_BR","og_type":"article","og_title":"Funsejem prop\u00f5e novo regulamento ao Votorantim Prev e ao VCNE | Futuro On-line","og_description":"Altera\u00e7\u00f5es incluem a ades\u00e3o autom\u00e1tica ao Votorantim Prev, v\u00e1lida a novos empregados admitidos pelas empresas interessadas em adot\u00e1-la.","og_url":"https:\/\/futurofunsejem.org.br\/online\/funsejem-propoe-novo-regulamento-ao-votorantim-prev-e-ao-vcne\/","og_site_name":"Futuro On-line","article_published_time":"2025-07-23T05:00:10+00:00","article_modified_time":"2025-09-09T16:59:05+00:00","og_image":[{"width":1920,"height":1080,"url":"https:\/\/futurofunsejem.org.br\/online\/wp-content\/uploads\/2025\/07\/143-alteracaoplanos-1920x1080px-copy-4.jpg","type":"image\/jpeg"}],"author":"Futuro On-line","twitter_card":"summary_large_image","twitter_misc":{"Escrito por":"Futuro On-line","Est. tempo de leitura":"6 minutos"},"schema":{"@context":"https:\/\/schema.org","@graph":[{"@type":"WebPage","@id":"https:\/\/futurofunsejem.org.br\/online\/funsejem-propoe-novo-regulamento-ao-votorantim-prev-e-ao-vcne\/","url":"https:\/\/futurofunsejem.org.br\/online\/funsejem-propoe-novo-regulamento-ao-votorantim-prev-e-ao-vcne\/","name":"Funsejem prop\u00f5e novo regulamento ao Votorantim Prev e ao VCNE | Futuro On-line","isPartOf":{"@id":"https:\/\/futurofunsejem.org.br\/online\/#website"},"datePublished":"2025-07-23T05:00:10+00:00","dateModified":"2025-09-09T16:59:05+00:00","author":{"@id":"https:\/\/futurofunsejem.org.br\/online\/#\/schema\/person\/e610ccd4d289071402e2ea074f8f3906"},"description":"Altera\u00e7\u00f5es incluem a ades\u00e3o autom\u00e1tica ao Votorantim Prev, v\u00e1lida a novos empregados admitidos pelas empresas interessadas em adot\u00e1-la.","breadcrumb":{"@id":"https:\/\/futurofunsejem.org.br\/online\/funsejem-propoe-novo-regulamento-ao-votorantim-prev-e-ao-vcne\/#breadcrumb"},"inLanguage":"pt-BR","potentialAction":[{"@type":"ReadAction","target":["https:\/\/futurofunsejem.org.br\/online\/funsejem-propoe-novo-regulamento-ao-votorantim-prev-e-ao-vcne\/"]}]},{"@type":"BreadcrumbList","@id":"https:\/\/futurofunsejem.org.br\/online\/funsejem-propoe-novo-regulamento-ao-votorantim-prev-e-ao-vcne\/#breadcrumb","itemListElement":[{"@type":"ListItem","position":1,"name":"In\u00edcio","item":"https:\/\/futurofunsejem.org.br\/online\/"},{"@type":"ListItem","position":2,"name":"Funsejem prop\u00f5e novo regulamento aos planos"}]},{"@type":"WebSite","@id":"https:\/\/futurofunsejem.org.br\/online\/#website","url":"https:\/\/futurofunsejem.org.br\/online\/","name":"Futuro On-line","description":"O jornal Futuro, informativo da Funsejem, \u00e9 uma publica\u00e7\u00e3o bimestral divulgada nas empresas da Votorantim, patrocinadoras da Funda\u00e7\u00e3o, e aos participantes autopatrocinados, vinculados e aposentados pelo plano.","potentialAction":[{"@type":"SearchAction","target":{"@type":"EntryPoint","urlTemplate":"https:\/\/futurofunsejem.org.br\/online\/?s={search_term_string}"},"query-input":"required name=search_term_string"}],"inLanguage":"pt-BR"},{"@type":"Person","@id":"https:\/\/futurofunsejem.org.br\/online\/#\/schema\/person\/e610ccd4d289071402e2ea074f8f3906","name":"Futuro On-line","image":{"@type":"ImageObject","inLanguage":"pt-BR","@id":"https:\/\/futurofunsejem.org.br\/online\/#\/schema\/person\/image\/","url":"https:\/\/secure.gravatar.com\/avatar\/bc77d2036e11927570b7c9cd87e39b76289d226ab85a86b2cd39e426b1bcceca?s=96&d=mm&r=g","contentUrl":"https:\/\/secure.gravatar.com\/avatar\/bc77d2036e11927570b7c9cd87e39b76289d226ab85a86b2cd39e426b1bcceca?s=96&d=mm&r=g","caption":"Futuro On-line"},"url":"https:\/\/futurofunsejem.org.br\/online\/author\/arvoreazul\/"}]}},"_links":{"self":[{"href":"https:\/\/futurofunsejem.org.br\/online\/wp-json\/wp\/v2\/posts\/9875","targetHints":{"allow":["GET"]}}],"collection":[{"href":"https:\/\/futurofunsejem.org.br\/online\/wp-json\/wp\/v2\/posts"}],"about":[{"href":"https:\/\/futurofunsejem.org.br\/online\/wp-json\/wp\/v2\/types\/post"}],"author":[{"embeddable":true,"href":"https:\/\/futurofunsejem.org.br\/online\/wp-json\/wp\/v2\/users\/7"}],"replies":[{"embeddable":true,"href":"https:\/\/futurofunsejem.org.br\/online\/wp-json\/wp\/v2\/comments?post=9875"}],"version-history":[{"count":10,"href":"https:\/\/futurofunsejem.org.br\/online\/wp-json\/wp\/v2\/posts\/9875\/revisions"}],"predecessor-version":[{"id":9892,"href":"https:\/\/futurofunsejem.org.br\/online\/wp-json\/wp\/v2\/posts\/9875\/revisions\/9892"}],"wp:featuredmedia":[{"embeddable":true,"href":"https:\/\/futurofunsejem.org.br\/online\/wp-json\/wp\/v2\/media\/9894"}],"wp:attachment":[{"href":"https:\/\/futurofunsejem.org.br\/online\/wp-json\/wp\/v2\/media?parent=9875"}],"wp:term":[{"taxonomy":"category","embeddable":true,"href":"https:\/\/futurofunsejem.org.br\/online\/wp-json\/wp\/v2\/categories?post=9875"},{"taxonomy":"post_tag","embeddable":true,"href":"https:\/\/futurofunsejem.org.br\/online\/wp-json\/wp\/v2\/tags?post=9875"}],"curies":[{"name":"wp","href":"https:\/\/api.w.org\/{rel}","templated":true}]}}